{"id":141381,"date":"2021-08-03T00:47:10","date_gmt":"2021-08-03T03:47:10","guid":{"rendered":"http:\/\/centraldeportes.com.ar\/?p=2942"},"modified":"2021-08-03T00:47:10","modified_gmt":"2021-08-03T03:47:10","slug":"octavo-lugar-y-diploma-olimpico-para-agustin-vernice-2","status":"publish","type":"post","link":"https:\/\/cdnoticias.com\/index.php\/2021\/08\/03\/octavo-lugar-y-diploma-olimpico-para-agustin-vernice-2\/","title":{"rendered":"Octavo lugar y diploma ol\u00edmpico para Agust\u00edn Vernice"},"content":{"rendered":"<p>El palista olavarriense compiti\u00f3 en la madrugada de este martes en su primera final ol\u00edmpica y logr\u00f3 ubicarse en el 8\u00b0 puesto. Logr\u00f3 su diploma ol\u00edmpico.<!--more--><\/p>\n<hr \/>\n<p>Agust\u00edn Vernice corri\u00f3 su \u00faltima carrera de los Juegos Ol\u00edmpicos este martes y finaliz\u00f3 en la 8\u00b0 colocaci\u00f3n de la Final A.<\/p>\n<p>&nbsp;<\/p>\n<p>En su primer Juego Ol\u00edmpico, el palista del Club Estudiantes <a href=\"http:\/\/centraldeportes.com.ar\/a-la-final-agustin-vernice-fue-cuarto-y-esta-entre-los-mejores-del-mundo\/\">que hab\u00eda logrado su mejor marca personal en las Semifinales<\/a>, finaliz\u00f3 la competencia con un registro de 3.28.503 y su clasificaci\u00f3n final se defini\u00f3 con photofinish.<\/p>\n<p>&nbsp;<\/p>\n<p>La medalla de oro fue para h\u00fangaro Balint Kopaz, seguido de su compatriota Varga y el portugu\u00e9s Fernando Pimenta en una prueba que debi\u00f3 repetir su largada, por una salida en falso.<\/p>\n<p>&nbsp;<\/p>\n<p>[cincopa AwJAG1uYOdGZ]<\/p>\n<p>&nbsp;<\/p>\n<p>\u201c<strong><em>Ven\u00eda en b\u00fasqueda de un poco m\u00e1s; la final es un logro, pero so\u00f1aba con un poco m\u00e1s<\/em><\/strong>\u201d, fueron las primeras palabras de Vernice finalizado su compromiso ol\u00edmpico.<\/p>\n<p>&nbsp;<\/p>\n<p>Vernice cont\u00f3 que \u201c<strong><em>me ilusionaba una medalla y por eso me equivoqu\u00e9, pero compet\u00ed muy tranquilo<\/em><\/strong>\u201d y sentenci\u00f3: \u201c<strong><em>De cara a lo que viene, las expectativas son muy buenas<\/em><\/strong>\u201d.<\/p>\n<p>&nbsp;<\/p>\n<p>Hist\u00f3ricos Juegos Ol\u00edmpicos para Olavarr\u00eda, que en esta edici\u00f3n 2020+1 sum\u00f3 dos olavarrienses a la historia y ahora, Vernice y De la Vega acompa\u00f1an a An\u00edbal \u00c1valos que dijo presente en atletismo en los Juegos Ol\u00edmpicos de Par\u00eds en 1948.<\/p>\n","protected":false},"excerpt":{"rendered":"<p>El palista olavarriense compiti\u00f3 en la madrugada de este martes en su primera final ol\u00edmpica y logr\u00f3 ubicarse en el<\/p>\n","protected":false},"author":96739695,"featured_media":2943,"comment_status":"closed","ping_status":"closed","sticky":false,"template":"","format":"standard","meta":{"_jetpack_memberships_contains_paid_content":false,"footnotes":""},"categories":[30,1],"tags":[],"class_list":["post-141381","post","type-post","status-publish","format-standard","has-post-thumbnail","hentry","category-polideportivo","category-portada"],"jetpack_featured_media_url":"","jetpack_sharing_enabled":true,"_links":{"self":[{"href":"https:\/\/cdnoticias.com\/index.php\/wp-json\/wp\/v2\/posts\/141381","targetHints":{"allow":["GET"]}}],"collection":[{"href":"https:\/\/cdnoticias.com\/index.php\/wp-json\/wp\/v2\/posts"}],"about":[{"href":"https:\/\/cdnoticias.com\/index.php\/wp-json\/wp\/v2\/types\/post"}],"author":[{"embeddable":true,"href":"https:\/\/cdnoticias.com\/index.php\/wp-json\/wp\/v2\/users\/96739695"}],"replies":[{"embeddable":true,"href":"https:\/\/cdnoticias.com\/index.php\/wp-json\/wp\/v2\/comments?post=141381"}],"version-history":[{"count":0,"href":"https:\/\/cdnoticias.com\/index.php\/wp-json\/wp\/v2\/posts\/141381\/revisions"}],"wp:featuredmedia":[{"embeddable":true,"href":"https:\/\/cdnoticias.com\/index.php\/wp-json\/wp\/v2\/posts\/2943"}],"wp:attachment":[{"href":"https:\/\/cdnoticias.com\/index.php\/wp-json\/wp\/v2\/media?parent=141381"}],"wp:term":[{"taxonomy":"category","embeddable":true,"href":"https:\/\/cdnoticias.com\/index.php\/wp-json\/wp\/v2\/categories?post=141381"},{"taxonomy":"post_tag","embeddable":true,"href":"https:\/\/cdnoticias.com\/index.php\/wp-json\/wp\/v2\/tags?post=141381"}],"curies":[{"name":"wp","href":"https:\/\/api.w.org\/{rel}","templated":true}]}}