{"id":141378,"date":"2021-08-02T19:28:07","date_gmt":"2021-08-02T22:28:07","guid":{"rendered":"http:\/\/centraldeportes.com.ar\/?p=2926"},"modified":"2025-01-28T00:01:20","modified_gmt":"2025-01-28T03:01:20","slug":"lucas-diaz-aspiroz-otro-olavarriense-que-partio-a-su-sueno-olimpico","status":"publish","type":"post","link":"https:\/\/cdnoticias.com\/index.php\/2021\/08\/02\/lucas-diaz-aspiroz-otro-olavarriense-que-partio-a-su-sueno-olimpico\/","title":{"rendered":"Lucas D\u00edaz Aspiroz: otro olavarriense que parti\u00f3 a su sue\u00f1o ol\u00edmpico"},"content":{"rendered":"<p>Lucas D\u00edaz Aspiroz viaj\u00f3 el pasado domingo a Rep\u00fablica Checa donde se sumar\u00e1 al equipo argentino de paracanotaje en la previa de los Juegos Paral\u00edmpicos que dar\u00e1n comienzo el venidero 25 de agosto.<!--more--><\/p>\n<hr \/>\n<p>El olavarriense que ser\u00e1 parte de sus segundos Juegos Paral\u00edmpicos corriendo en la prueba de K1 200, parti\u00f3 a Rep\u00fablica Checa donde realizar\u00e1 la parte final de la preparaci\u00f3n con el equipo nacional de la Federaci\u00f3n Argentina de Canoas.<\/p>\n<p>&nbsp;<\/p>\n<p>D\u00edaz Aspiroz public\u00f3 un mensaje en las redes sociales agradeciendo la ayuda recibida en este \u00faltimo tiempo para recuperarse de una lesi\u00f3n lumbar que hab\u00eda puesto en duda su participaci\u00f3n en Tokio 2020.<\/p>\n<p>&nbsp;<\/p>\n<p>Vale destacar que para los Juegos Paral\u00edmpicos falta menos de un mes y el pasado domingo, el deportista del Club Estudiantes viaj\u00f3 al pa\u00eds europeo para intensificar la preparaci\u00f3n y llegar de la mejor manera a la cita paral\u00edmpica que ser\u00e1 su segunda experiencia tras el sexto puesto en Brasil 2016.<\/p>\n<p>&nbsp;<\/p>\n<p>El mensaje completo: \u201c<strong><em>Y despu\u00e9s de todos los contratiempos, pudimos subir al avi\u00f3n. La incertidumbre, ansiedad, miedos y tantas cosas m\u00e1s se multiplican, dos a\u00f1os sin competir y ac\u00e1 vamos, por una locura m\u00e1s que son los juegos de Tokio2020. Un GRACIAS Con may\u00fasculas a todas las personas que me enviaron un mensaje preguntando por mi estado de salud y d\u00e1ndome \u00e1nimos. A mis pilares de siempre, mi familia y amigos. Va a ser diferente, mis fuerzas no son m\u00e1s mismas, pero mi coraz\u00f3n va a bombear m\u00e1s que nunca. A cada profesional de la salud que hizo todo en tiempo r\u00e9cord en Olavarr\u00eda para que yo pudiera estar hoy ac\u00e1 a pesar de una lesi\u00f3n muy grande. GRACIAS. Tambi\u00e9n agradecer a la Federaci\u00f3n Argentina de Canoas, al Enard, a la Secretar\u00eda de Deportes de la Naci\u00f3n, a todos mis sponsors, al club Atl\u00e9tico Estudiantes de Olavarr\u00eda, a BodyGym!!! No quiero dar nombres personales pero cada uno sabe todo lo que hizo para que yo est\u00e9 hoy ac\u00e1\u2026 y a esas personas que miraron para otro lado\u2026 tambi\u00e9n agradecerles\u2026 Vamos con Tokioooooo!!! Y c\u00f3mo siempre digo, soy como el junco que se dobla pero no se quiebra! Rep\u00fablica Checa all\u00e1 voyyyyyy!!!<\/em><\/strong>\u201d<\/p>\n","protected":false},"excerpt":{"rendered":"<p>Lucas D\u00edaz Aspiroz viaj\u00f3 el pasado domingo a Rep\u00fablica Checa donde se sumar\u00e1 al equipo argentino de paracanotaje en la<\/p>\n","protected":false},"author":96739694,"featured_media":142988,"comment_status":"closed","ping_status":"closed","sticky":false,"template":"","format":"standard","meta":{"_jetpack_memberships_contains_paid_content":false,"footnotes":""},"categories":[30,1],"tags":[],"class_list":["post-141378","post","type-post","status-publish","format-standard","has-post-thumbnail","hentry","category-polideportivo","category-portada"],"jetpack_featured_media_url":"https:\/\/i0.wp.com\/cdnoticias.com\/wp-content\/uploads\/2021\/08\/226279474_10159491949555406_807588247838261408_n.jpg?fit=960%2C720&ssl=1","jetpack_sharing_enabled":true,"_links":{"self":[{"href":"https:\/\/cdnoticias.com\/index.php\/wp-json\/wp\/v2\/posts\/141378","targetHints":{"allow":["GET"]}}],"collection":[{"href":"https:\/\/cdnoticias.com\/index.php\/wp-json\/wp\/v2\/posts"}],"about":[{"href":"https:\/\/cdnoticias.com\/index.php\/wp-json\/wp\/v2\/types\/post"}],"author":[{"embeddable":true,"href":"https:\/\/cdnoticias.com\/index.php\/wp-json\/wp\/v2\/users\/96739694"}],"replies":[{"embeddable":true,"href":"https:\/\/cdnoticias.com\/index.php\/wp-json\/wp\/v2\/comments?post=141378"}],"version-history":[{"count":0,"href":"https:\/\/cdnoticias.com\/index.php\/wp-json\/wp\/v2\/posts\/141378\/revisions"}],"wp:featuredmedia":[{"embeddable":true,"href":"https:\/\/cdnoticias.com\/index.php\/wp-json\/wp\/v2\/media\/142988"}],"wp:attachment":[{"href":"https:\/\/cdnoticias.com\/index.php\/wp-json\/wp\/v2\/media?parent=141378"}],"wp:term":[{"taxonomy":"category","embeddable":true,"href":"https:\/\/cdnoticias.com\/index.php\/wp-json\/wp\/v2\/categories?post=141378"},{"taxonomy":"post_tag","embeddable":true,"href":"https:\/\/cdnoticias.com\/index.php\/wp-json\/wp\/v2\/tags?post=141378"}],"curies":[{"name":"wp","href":"https:\/\/api.w.org\/{rel}","templated":true}]}}