{"id":141376,"date":"2021-08-02T12:19:38","date_gmt":"2021-08-02T15:19:38","guid":{"rendered":"http:\/\/centraldeportes.com.ar\/?p=2901"},"modified":"2021-08-02T12:19:38","modified_gmt":"2021-08-02T15:19:38","slug":"agustin-vernice-tuve-un-buen-comienzo-pero-es-el-comienzo-nada-mas-2","status":"publish","type":"post","link":"https:\/\/cdnoticias.com\/index.php\/2021\/08\/02\/agustin-vernice-tuve-un-buen-comienzo-pero-es-el-comienzo-nada-mas-2\/","title":{"rendered":"Agust\u00edn Vernice: \u201cTuve un buen comienzo pero es el comienzo nada m\u00e1s\u201d"},"content":{"rendered":"<p>Tras la clasificaci\u00f3n lograda en la noche del domingo, Agust\u00edn Vernice habl\u00f3 con una de las se\u00f1ales de televisaci\u00f3n y cont\u00f3 sus sensaciones en lo que signific\u00f3 su debut ol\u00edmpico.<!--more--><\/p>\n<hr \/>\n<p>&#8220;Estuvo bueno.\u00a0La verdad es que es un buen comienzo pero es el comienzo nada m\u00e1s.\u00a0Empezamos con el pie derecho y\u00a0lo importante viene ma\u00f1ana. Ahora, a recuperar y a hacer lo necesario para estar bien en las semifinales&#8221;, explic\u00f3 en di\u00e1logo con TyC Sports tras lograr un tiempo de 3:40.430 a 1.346 segundos del h\u00fangaro Balint Kopasz, ganador de la serie.<\/p>\n<p>&nbsp;<\/p>\n<p>Con respecto a la <a href=\"http:\/\/centraldeportes.com.ar\/agustin-vernice-es-semifinalista-en-los-juegos-olimpicos\/\">carrera en s\u00ed<\/a>, Vernice se mostr\u00f3 muy conforme con el resultado, ya que\u00a0la serie se le presentaba como compleja de antemano: &#8220;<strong><em>Sab\u00eda que iba a ser duro y que probablemente pod\u00eda hacer mi mejor esfuerzo y quiz\u00e1s no iba a ser suficiente.\u00a0Ten\u00eda que encontrar la tranquilidad y hacer las cosas lo mejor posible<\/em><\/strong>&#8220;.<\/p>\n<p>&nbsp;<\/p>\n<p>Asimismo, el deportista argentino reconoci\u00f3 haber estado nervioso en la previa, pero asegur\u00f3 que pudo superar esas sensaciones previo a comenzar su carrera: &#8220;<strong><em>Miento si digo que no estaba nervioso. El tema es controlarlo, encontrar el dominio sobre esas emociones.\u00a0Al momento de competir, cuando te nombran, ves la l\u00ednea y sab\u00e9s lo que ten\u00e9s que hacer, desaparecen esos demonios que aparecen en las horas previas. Pude dominarlos y estar enfocado<\/em><\/strong>&#8220;.<\/p>\n<p>&nbsp;<\/p>\n<p>Con su segundo puesto, Vernice evit\u00f3 tener que pasar por los cuartos de final y volver\u00e1 a competir por las semifinales\u00a0el lunes 2 de agosto, desde las 22, hora de Argentina.\u00a0Justamente el haber podido esquivar esa carrera de mas es algo que el oriundo de Olavarr\u00eda destac\u00f3: &#8220;<strong><em>Por suerte el resultado se dio a mi favor y pude ahorrarme los cuartos de final, algo muy importante considerando las condiciones clim\u00e1ticas.\u00a0Una carrera menos significa un mont\u00f3n<\/em><\/strong>&#8220;.<\/p>\n<p>&nbsp;<\/p>\n<p>Por \u00faltimo, el palista del Club Estudiantes se tom\u00f3 unos minutos para hablar del video en conjunto con los atletas ol\u00edmpicos y Lionel Messi que se ha vuelto tradicional en cada competencia que re\u00fane atletas argentinos: \u201c<strong><em>Si bailara la cantidad de horas que entreno ser\u00eda muy bueno, pero Messi tambi\u00e9n es malo bailando<\/em><\/strong>\u201d, sostuvo entre risas.<\/p>\n<p>&nbsp;<\/p>\n<p>\u201c<strong><em>Fue muy lindo y es un orgullo estar en un video con Messi porque para m\u00ed es el mejor del mundo<\/em><\/strong>\u201d, cerro Vernice que adem\u00e1s no olvid\u00f3 enviar su gratitud al personal de salud que ha hecho frente a la pandemia.<\/p>\n","protected":false},"excerpt":{"rendered":"<p>Tras la clasificaci\u00f3n lograda en la noche del domingo, Agust\u00edn Vernice habl\u00f3 con una de las se\u00f1ales de televisaci\u00f3n y<\/p>\n","protected":false},"author":96739695,"featured_media":2904,"comment_status":"closed","ping_status":"closed","sticky":false,"template":"","format":"standard","meta":{"_jetpack_memberships_contains_paid_content":false,"footnotes":""},"categories":[30,1],"tags":[],"class_list":["post-141376","post","type-post","status-publish","format-standard","has-post-thumbnail","hentry","category-polideportivo","category-portada"],"jetpack_featured_media_url":"","jetpack_sharing_enabled":true,"_links":{"self":[{"href":"https:\/\/cdnoticias.com\/index.php\/wp-json\/wp\/v2\/posts\/141376","targetHints":{"allow":["GET"]}}],"collection":[{"href":"https:\/\/cdnoticias.com\/index.php\/wp-json\/wp\/v2\/posts"}],"about":[{"href":"https:\/\/cdnoticias.com\/index.php\/wp-json\/wp\/v2\/types\/post"}],"author":[{"embeddable":true,"href":"https:\/\/cdnoticias.com\/index.php\/wp-json\/wp\/v2\/users\/96739695"}],"replies":[{"embeddable":true,"href":"https:\/\/cdnoticias.com\/index.php\/wp-json\/wp\/v2\/comments?post=141376"}],"version-history":[{"count":0,"href":"https:\/\/cdnoticias.com\/index.php\/wp-json\/wp\/v2\/posts\/141376\/revisions"}],"wp:featuredmedia":[{"embeddable":true,"href":"https:\/\/cdnoticias.com\/index.php\/wp-json\/wp\/v2\/posts\/2904"}],"wp:attachment":[{"href":"https:\/\/cdnoticias.com\/index.php\/wp-json\/wp\/v2\/media?parent=141376"}],"wp:term":[{"taxonomy":"category","embeddable":true,"href":"https:\/\/cdnoticias.com\/index.php\/wp-json\/wp\/v2\/categories?post=141376"},{"taxonomy":"post_tag","embeddable":true,"href":"https:\/\/cdnoticias.com\/index.php\/wp-json\/wp\/v2\/tags?post=141376"}],"curies":[{"name":"wp","href":"https:\/\/api.w.org\/{rel}","templated":true}]}}