{"id":141374,"date":"2021-08-01T23:08:13","date_gmt":"2021-08-02T02:08:13","guid":{"rendered":"http:\/\/centraldeportes.com.ar\/?p=2895"},"modified":"2021-08-01T23:08:13","modified_gmt":"2021-08-02T02:08:13","slug":"agustin-vernice-es-semifinalista-en-los-juegos-olimpicos-2","status":"publish","type":"post","link":"https:\/\/cdnoticias.com\/index.php\/2021\/08\/01\/agustin-vernice-es-semifinalista-en-los-juegos-olimpicos-2\/","title":{"rendered":"Agust\u00edn Vernice es semifinalista en los Juegos Ol\u00edmpicos"},"content":{"rendered":"<p>El palista olavarriense se present\u00f3 a las 22:29 de este domingo en la segunda serie de la clasificaci\u00f3n del K1 1000 y logr\u00f3 la clasificaci\u00f3n a las Semifinales.<\/p>\n<p><!--more--><\/p>\n<hr \/>\n<p>Agust\u00edn Vernice logr\u00f3 el segundo lugar de su serie de competici\u00f3n y accedi\u00f3 a uno de los lugares de las Semifinales en su debut ol\u00edmpico.<\/p>\n<p>&nbsp;<\/p>\n<p>El oriundo de Olavarr\u00eda arrib\u00f3 con un tiempo de\u00a03.40.430, se ubic\u00f3 detr\u00e1s de Balint Kopasz de Hungr\u00eda y fueron los representantes de la segunda -de cinco- serie clasificatoria y ahora estar\u00e1 en b\u00fasqueda de ubicarse entre los mejores del mundo.<\/p>\n<p>&nbsp;<\/p>\n<p>Por un lugar en la Final, Vernice competir\u00e1 desde las 22:00 del pr\u00f3ximo lunes.<\/p>\n<p>&nbsp;<\/p>\n<p>Instantes despu\u00e9s de la consagratoria actuaci\u00f3n del olavarriense, distintas personalidades locales lo saludaron y entre ellos se encontr\u00f3 el intendente Ezequiel Galli.<\/p>\n<p>&nbsp;<\/p>\n<blockquote class=\"twitter-tweet\">\n<p dir=\"ltr\" lang=\"es\">\u00a1Qu\u00e9 orgullo <a href=\"https:\/\/twitter.com\/agustinvernice?ref_src=twsrc%5Etfw\">@agustinvernice<\/a>! Felicitaciones por este pase a semifinales. Toda Olavarr\u00eda y el pa\u00eds con vos! <a href=\"https:\/\/t.co\/KtyncPg6TW\">pic.twitter.com\/KtyncPg6TW<\/a><\/p>\n<p>\u2014 Ezequiel Galli (@ezequielgalli) <a href=\"https:\/\/twitter.com\/ezequielgalli\/status\/1422008779395248128?ref_src=twsrc%5Etfw\">August 2, 2021<\/a><\/p><\/blockquote>\n<p><script async src=\"https:\/\/platform.twitter.com\/widgets.js\" charset=\"utf-8\"><\/script><\/p>\n","protected":false},"excerpt":{"rendered":"<p>El palista olavarriense se present\u00f3 a las 22:29 de este domingo en la segunda serie de la clasificaci\u00f3n del K1<\/p>\n","protected":false},"author":96739695,"featured_media":2894,"comment_status":"closed","ping_status":"closed","sticky":false,"template":"","format":"standard","meta":{"_jetpack_memberships_contains_paid_content":false,"footnotes":""},"categories":[30,1],"tags":[],"class_list":["post-141374","post","type-post","status-publish","format-standard","has-post-thumbnail","hentry","category-polideportivo","category-portada"],"jetpack_featured_media_url":"","jetpack_sharing_enabled":true,"_links":{"self":[{"href":"https:\/\/cdnoticias.com\/index.php\/wp-json\/wp\/v2\/posts\/141374","targetHints":{"allow":["GET"]}}],"collection":[{"href":"https:\/\/cdnoticias.com\/index.php\/wp-json\/wp\/v2\/posts"}],"about":[{"href":"https:\/\/cdnoticias.com\/index.php\/wp-json\/wp\/v2\/types\/post"}],"author":[{"embeddable":true,"href":"https:\/\/cdnoticias.com\/index.php\/wp-json\/wp\/v2\/users\/96739695"}],"replies":[{"embeddable":true,"href":"https:\/\/cdnoticias.com\/index.php\/wp-json\/wp\/v2\/comments?post=141374"}],"version-history":[{"count":0,"href":"https:\/\/cdnoticias.com\/index.php\/wp-json\/wp\/v2\/posts\/141374\/revisions"}],"wp:featuredmedia":[{"embeddable":true,"href":"https:\/\/cdnoticias.com\/index.php\/wp-json\/wp\/v2\/posts\/2894"}],"wp:attachment":[{"href":"https:\/\/cdnoticias.com\/index.php\/wp-json\/wp\/v2\/media?parent=141374"}],"wp:term":[{"taxonomy":"category","embeddable":true,"href":"https:\/\/cdnoticias.com\/index.php\/wp-json\/wp\/v2\/categories?post=141374"},{"taxonomy":"post_tag","embeddable":true,"href":"https:\/\/cdnoticias.com\/index.php\/wp-json\/wp\/v2\/tags?post=141374"}],"curies":[{"name":"wp","href":"https:\/\/api.w.org\/{rel}","templated":true}]}}