{"id":141373,"date":"2021-08-01T21:02:37","date_gmt":"2021-08-02T00:02:37","guid":{"rendered":"http:\/\/centraldeportes.com.ar\/?p=2888"},"modified":"2025-01-28T00:01:42","modified_gmt":"2025-01-28T03:01:42","slug":"federico-chingotto-y-america-campeones-de-la-laver-cup","status":"publish","type":"post","link":"https:\/\/cdnoticias.com\/index.php\/2021\/08\/01\/federico-chingotto-y-america-campeones-de-la-laver-cup\/","title":{"rendered":"Federico Chingotto y Am\u00e9rica campeones de la Laver Cup"},"content":{"rendered":"<p>El evento exhibici\u00f3n que se llev\u00f3 a cabo en Suecia consagr\u00f3 al equipo de Am\u00e9rica que cont\u00f3 con la participaci\u00f3n de Federico Chingotto.<!--more--><\/p>\n<hr \/>\n<p>Durante cinco d\u00edas se llev\u00f3 a cabo la primera edici\u00f3n de la Laver Cup y este domingo lleg\u00f3 a su fin con el triunfo y festejo del equipo de Am\u00e9rica que derrot\u00f3 a Europa.<\/p>\n<p>&nbsp;<\/p>\n<p>La selecci\u00f3n de Am\u00e9rica que estuvo integrada por Fernando Belastegu\u00edn, Sanyo Guti\u00e9rrez, Agust\u00edn Tapia, Federico Chingotto, Mart\u00edn Di Nenno, Maximiliano S\u00e1nchez, Miguel Lamperti,\u00a0 Pablo Lima, Diego Ramos y Juan Vald\u00e9s derrot\u00f3 al equipo europeo por 11 a 3.<\/p>\n<p>&nbsp;<\/p>\n<p><img data-recalc-dims=\"1\" loading=\"lazy\" decoding=\"async\" class=\"aligncenter size-large wp-image-2892\" src=\"https:\/\/i0.wp.com\/centraldeportes.com.ar\/wp-content\/uploads\/2021\/08\/YIGGKyTD9_1200x0__1-1024x768.jpg?resize=800%2C600\" alt=\"\" width=\"800\" height=\"600\" \/><\/p>\n<p>&nbsp;<\/p>\n<p>Federico Chingotto hizo pareja con Agust\u00edn Tapia y sali\u00f3 a la cancha en el transcurso del s\u00e1bado para vencer por 3\/6 7\/6 (7-5) y s\u00faper tie-break 10\/8 a Juan Mart\u00edn D\u00edaz y Alejandro Gal\u00e1n en el evento que cont\u00f3 con la presencia de espectadores.<\/p>\n<p>&nbsp;<\/p>\n<p>El olavarriense volver\u00e1\u00a0 a competir por el circuito del World P\u00e1del Tour en compa\u00f1\u00eda de Juan Tello en el Open de M\u00e1laga.<\/p>\n","protected":false},"excerpt":{"rendered":"<p>El evento exhibici\u00f3n que se llev\u00f3 a cabo en Suecia consagr\u00f3 al equipo de Am\u00e9rica que cont\u00f3 con la participaci\u00f3n<\/p>\n","protected":false},"author":96739694,"featured_media":143000,"comment_status":"closed","ping_status":"closed","sticky":false,"template":"","format":"standard","meta":{"_jetpack_memberships_contains_paid_content":false,"footnotes":""},"categories":[30,1],"tags":[],"class_list":["post-141373","post","type-post","status-publish","format-standard","has-post-thumbnail","hentry","category-polideportivo","category-portada"],"jetpack_featured_media_url":"https:\/\/i0.wp.com\/cdnoticias.com\/wp-content\/uploads\/2021\/08\/americapadel.png?fit=800%2C445&ssl=1","jetpack_sharing_enabled":true,"_links":{"self":[{"href":"https:\/\/cdnoticias.com\/index.php\/wp-json\/wp\/v2\/posts\/141373","targetHints":{"allow":["GET"]}}],"collection":[{"href":"https:\/\/cdnoticias.com\/index.php\/wp-json\/wp\/v2\/posts"}],"about":[{"href":"https:\/\/cdnoticias.com\/index.php\/wp-json\/wp\/v2\/types\/post"}],"author":[{"embeddable":true,"href":"https:\/\/cdnoticias.com\/index.php\/wp-json\/wp\/v2\/users\/96739694"}],"replies":[{"embeddable":true,"href":"https:\/\/cdnoticias.com\/index.php\/wp-json\/wp\/v2\/comments?post=141373"}],"version-history":[{"count":0,"href":"https:\/\/cdnoticias.com\/index.php\/wp-json\/wp\/v2\/posts\/141373\/revisions"}],"wp:featuredmedia":[{"embeddable":true,"href":"https:\/\/cdnoticias.com\/index.php\/wp-json\/wp\/v2\/media\/143000"}],"wp:attachment":[{"href":"https:\/\/cdnoticias.com\/index.php\/wp-json\/wp\/v2\/media?parent=141373"}],"wp:term":[{"taxonomy":"category","embeddable":true,"href":"https:\/\/cdnoticias.com\/index.php\/wp-json\/wp\/v2\/categories?post=141373"},{"taxonomy":"post_tag","embeddable":true,"href":"https:\/\/cdnoticias.com\/index.php\/wp-json\/wp\/v2\/tags?post=141373"}],"curies":[{"name":"wp","href":"https:\/\/api.w.org\/{rel}","templated":true}]}}