{"id":141372,"date":"2021-08-01T20:36:15","date_gmt":"2021-08-01T23:36:15","guid":{"rendered":"http:\/\/centraldeportes.com.ar\/?p=2885"},"modified":"2025-01-28T00:01:57","modified_gmt":"2025-01-28T03:01:57","slug":"el-turismo-pista-completo-la-quinta-fecha-en-concepcion","status":"publish","type":"post","link":"https:\/\/cdnoticias.com\/index.php\/2021\/08\/01\/el-turismo-pista-completo-la-quinta-fecha-en-concepcion\/","title":{"rendered":"El Turismo Pista complet\u00f3 la quinta fecha en Concepci\u00f3n"},"content":{"rendered":"<p>Sin buenas producciones olavarrienses, se destaca el und\u00e9cimo lugar de Santiago Tambucci, que le permite conservar la punta del campeonato. Gabriel Melian tuvo que abandonar y Diego Valisi lleg\u00f3 22\u00b0 en la final de la clase menor.<\/p>\n<p><!--more--><\/p>\n<hr \/>\n<p>El Turismo Pista desarroll\u00f3 el quinto compromiso de la temporada en el aut\u00f3dromo de Concepci\u00f3n del Uruguay, en la provincia de Entre R\u00edos.<\/p>\n<p>&nbsp;<\/p>\n<p>La Clase 2 tuvo una entretenida y muy peleada final, en la que Gabriel Melian, que largaba en la tercera fila, debi\u00f3 abandonar tras un despiste.<\/p>\n<p>&nbsp;<\/p>\n<p>La victoria fue para el ex piloto de la Monomarca 1100 de APPS, Franco Fauret, que festej\u00f3 un triunfo muy importante, sumando los puntos necesarios para prenderse en la lucha por el torneo. Luciano Gonz\u00e1lez y Fabricio Scatena completaron el podio.<\/p>\n<p>&nbsp;<\/p>\n<p>Para Santiago Tambucci no fue una buena final, el Chevrolet Celta no le permiti\u00f3 estar en los primeros planos como es habitual, pero pudo llegar y sumar puntos. De este modo, el de Sierras Bayas lleg\u00f3 como l\u00edder del certamen y se fue de la misma manera. Ahora lidera con 103 unidades, escoltado por Mat\u00edas Cravero con 93, Franco Fauret con 76 y Gabriel Melian con 60.<\/p>\n<p>La Clase 1 inaugur\u00f3 la pista en la ma\u00f1ana del domingo y tuvo una entretenida carrera con victoria para Santiago Leguizam\u00f3n que pudo sostener y aguantar a Adri\u00e1n Oubi\u00f1a y Diego Varano que lo escoltaron en el podio.<\/p>\n<p>&nbsp;<\/p>\n<p>En esta divisional menor, estuvo presente Diego Valisi. El otro representante de Sierras Bayas regres\u00f3 a la categor\u00eda con su equipo propio y pudo ver la bandera a cuadros en el puesto 22\u00ba.<\/p>\n","protected":false},"excerpt":{"rendered":"<p>Sin buenas producciones olavarrienses, se destaca el und\u00e9cimo lugar de Santiago Tambucci, que le permite conservar la punta del campeonato.<\/p>\n","protected":false},"author":96739694,"featured_media":143006,"comment_status":"closed","ping_status":"closed","sticky":false,"template":"","format":"standard","meta":{"_jetpack_memberships_contains_paid_content":false,"footnotes":""},"categories":[34,1,49],"tags":[],"class_list":["post-141372","post","type-post","status-publish","format-standard","has-post-thumbnail","hentry","category-automovilismo","category-portada","category-turismo-pista"],"jetpack_featured_media_url":"https:\/\/i0.wp.com\/cdnoticias.com\/wp-content\/uploads\/2021\/08\/tambucci.jpg?fit=1200%2C797&ssl=1","jetpack_sharing_enabled":true,"_links":{"self":[{"href":"https:\/\/cdnoticias.com\/index.php\/wp-json\/wp\/v2\/posts\/141372","targetHints":{"allow":["GET"]}}],"collection":[{"href":"https:\/\/cdnoticias.com\/index.php\/wp-json\/wp\/v2\/posts"}],"about":[{"href":"https:\/\/cdnoticias.com\/index.php\/wp-json\/wp\/v2\/types\/post"}],"author":[{"embeddable":true,"href":"https:\/\/cdnoticias.com\/index.php\/wp-json\/wp\/v2\/users\/96739694"}],"replies":[{"embeddable":true,"href":"https:\/\/cdnoticias.com\/index.php\/wp-json\/wp\/v2\/comments?post=141372"}],"version-history":[{"count":0,"href":"https:\/\/cdnoticias.com\/index.php\/wp-json\/wp\/v2\/posts\/141372\/revisions"}],"wp:featuredmedia":[{"embeddable":true,"href":"https:\/\/cdnoticias.com\/index.php\/wp-json\/wp\/v2\/media\/143006"}],"wp:attachment":[{"href":"https:\/\/cdnoticias.com\/index.php\/wp-json\/wp\/v2\/media?parent=141372"}],"wp:term":[{"taxonomy":"category","embeddable":true,"href":"https:\/\/cdnoticias.com\/index.php\/wp-json\/wp\/v2\/categories?post=141372"},{"taxonomy":"post_tag","embeddable":true,"href":"https:\/\/cdnoticias.com\/index.php\/wp-json\/wp\/v2\/tags?post=141372"}],"curies":[{"name":"wp","href":"https:\/\/api.w.org\/{rel}","templated":true}]}}