{"id":141371,"date":"2021-08-01T20:22:36","date_gmt":"2021-08-01T23:22:36","guid":{"rendered":"http:\/\/centraldeportes.com.ar\/?p=2879"},"modified":"2025-01-28T00:02:00","modified_gmt":"2025-01-28T03:02:00","slug":"alejandro-weimann-tuvo-que-abandonar-en-san-juan","status":"publish","type":"post","link":"https:\/\/cdnoticias.com\/index.php\/2021\/08\/01\/alejandro-weimann-tuvo-que-abandonar-en-san-juan\/","title":{"rendered":"Alejandro Weimann tuvo que abandonar en San Juan"},"content":{"rendered":"<p>S\u00f3lo dos giros pudo completar el olavarriense, hasta que el motor dijo basta y lo oblig\u00f3 a abandonar. Kevin Candela se llev\u00f3 el triunfo, y en s\u00f3lo siete d\u00edas se disputa una nueva fecha en el mismo escenario.<\/p>\n<p><!--more--><\/p>\n<hr \/>\n<p>El Turismo Carretera y el TC Pista est\u00e1n en San Juan Villicum, y este domingo se complet\u00f3 la primera de la doble fecha que se disputar\u00e1n en siete d\u00edas.<\/p>\n<p>&nbsp;<\/p>\n<p>La octava final del a\u00f1o del TC Pista tuvo como flamante ganador a Kevin Candela luego de batallar bastante y ganarle el duelo a Otto Fritzler, quien domin\u00f3 gran parte de la final y cay\u00f3 al sexto lugar final.<\/p>\n<p>&nbsp;<\/p>\n<p>Con el Ford negro, Kevin Candela fue paciente, gan\u00f3 su primera carrera en el TC Pista y se sac\u00f3 la mufa del s\u00e1bado, cuando fue penalizado por la altura. En el podio lo acompa\u00f1aron Gustavo Micheloud y Humberto Krujoski.<\/p>\n<p>&nbsp;<\/p>\n<blockquote><p>&#8220;Se explot\u00f3 el motor, por suerte tenemos el segundo motor para el fin de semana que viene&#8221;, indic\u00f3 &#8220;Bebo&#8221;.<\/p><\/blockquote>\n<p>&nbsp;<\/p>\n<p>Alejandro Weimann sufri\u00f3 la rotura del motor cuando transcurr\u00eda la segunda vuelta de la final, por lo que debi\u00f3 abandonar. De este modo el equipo deber\u00e1 trabajar para, en s\u00f3lo siete d\u00edas, revertir el resultado.<\/p>\n","protected":false},"excerpt":{"rendered":"<p>S\u00f3lo dos giros pudo completar el olavarriense, hasta que el motor dijo basta y lo oblig\u00f3 a abandonar. Kevin Candela<\/p>\n","protected":false},"author":96739694,"featured_media":143008,"comment_status":"closed","ping_status":"closed","sticky":false,"template":"","format":"standard","meta":{"_jetpack_memberships_contains_paid_content":false,"footnotes":""},"categories":[34,1,48],"tags":[],"class_list":["post-141371","post","type-post","status-publish","format-standard","has-post-thumbnail","hentry","category-automovilismo","category-portada","category-tc-pista"],"jetpack_featured_media_url":"https:\/\/i0.wp.com\/cdnoticias.com\/wp-content\/uploads\/2021\/08\/weimann-san-juan-2.jpg?fit=1280%2C853&ssl=1","jetpack_sharing_enabled":true,"_links":{"self":[{"href":"https:\/\/cdnoticias.com\/index.php\/wp-json\/wp\/v2\/posts\/141371","targetHints":{"allow":["GET"]}}],"collection":[{"href":"https:\/\/cdnoticias.com\/index.php\/wp-json\/wp\/v2\/posts"}],"about":[{"href":"https:\/\/cdnoticias.com\/index.php\/wp-json\/wp\/v2\/types\/post"}],"author":[{"embeddable":true,"href":"https:\/\/cdnoticias.com\/index.php\/wp-json\/wp\/v2\/users\/96739694"}],"replies":[{"embeddable":true,"href":"https:\/\/cdnoticias.com\/index.php\/wp-json\/wp\/v2\/comments?post=141371"}],"version-history":[{"count":0,"href":"https:\/\/cdnoticias.com\/index.php\/wp-json\/wp\/v2\/posts\/141371\/revisions"}],"wp:featuredmedia":[{"embeddable":true,"href":"https:\/\/cdnoticias.com\/index.php\/wp-json\/wp\/v2\/media\/143008"}],"wp:attachment":[{"href":"https:\/\/cdnoticias.com\/index.php\/wp-json\/wp\/v2\/media?parent=141371"}],"wp:term":[{"taxonomy":"category","embeddable":true,"href":"https:\/\/cdnoticias.com\/index.php\/wp-json\/wp\/v2\/categories?post=141371"},{"taxonomy":"post_tag","embeddable":true,"href":"https:\/\/cdnoticias.com\/index.php\/wp-json\/wp\/v2\/tags?post=141371"}],"curies":[{"name":"wp","href":"https:\/\/api.w.org\/{rel}","templated":true}]}}