{"id":141370,"date":"2021-08-02T10:24:18","date_gmt":"2021-08-02T13:24:18","guid":{"rendered":"http:\/\/centraldeportes.com.ar\/?p=2877"},"modified":"2025-01-28T00:01:37","modified_gmt":"2025-01-28T03:01:37","slug":"siguen-los-saludos-para-olavarria-desde-tokio","status":"publish","type":"post","link":"https:\/\/cdnoticias.com\/index.php\/2021\/08\/02\/siguen-los-saludos-para-olavarria-desde-tokio\/","title":{"rendered":"Siguen los saludos para Olavarr\u00eda desde Tokio"},"content":{"rendered":"<p>Uno de los entrenadores de \u201cLos Gladiadores\u201d el equipo nacional de handball habl\u00f3 con Pasi\u00f3n Bostera en Radio Universidad y envi\u00f3 saludos a la Ciudad desde la Villa Ol\u00edmpica de Tokio.<!--more--><\/p>\n<hr \/>\n<p>Guillermo Milano, segundo entrenador de la Selecci\u00f3n Argentina de handball, envi\u00f3 su saludos a la Ciudad tras finalizar su actuaci\u00f3n con el equipo nacional con 4 derrotas en igual cantidad de participaciones y que signific\u00f3 la despedida de varios jugadores de \u201cLos Gladiadores\u201d.<\/p>\n<p>&nbsp;<\/p>\n<p>\u201cVinimos con la ilusi\u00f3n de poder lograr una haza\u00f1a que era tratar de pasar de ronda, ya que el grupo nuestro eran tan complicado. Potencias europeas tan importantes como Francia, Alemania y Noruega y tambi\u00e9n Brasil. Fuimos de menor a mayor contra los europeos, jugando de igual a igual\u201d, cont\u00f3 Milano en comunicaci\u00f3n radial con Radio Universidad sobre el an\u00e1lisis del equipo en Tokio.<\/p>\n<p>&nbsp;<\/p>\n<p><img data-recalc-dims=\"1\" loading=\"lazy\" decoding=\"async\" class=\"aligncenter size-full wp-image-2875\" src=\"https:\/\/i0.wp.com\/centraldeportes.com.ar\/wp-content\/uploads\/2021\/08\/milano.jpg?resize=800%2C545\" alt=\"\" width=\"800\" height=\"545\" \/><\/p>\n<p>&nbsp;<\/p>\n<p>Adem\u00e1s, el entrenador de Boca Juniors sostuvo que \u201ctuvimos un traspi\u00e9 en el primer tiempo con Brasil que nos llev\u00f3 a perder, pero estamos terminando estos d\u00edas de Juegos Ol\u00edmpicos que por supuesto tienen una importancia suprema en todo deportista o todos los que trabajan con deportistas. Es un orgullo estar en el lugar donde solamente clasifican 12 equipos del mundo y el convivir y compartir con los atletas argentinos y de otros pa\u00edses\u201d.<\/p>\n<p>&nbsp;<\/p>\n<p>\u201cSi bien la situaci\u00f3n de pandemia hizo que sea un Juego Ol\u00edmpico distinto, no dejamos de valorar la importancia que tiene estar ac\u00e1 y el orgullo para nuestro deporte y en lo m\u00edo personal, tambi\u00e9n estar dentro del plantel que obtuvo 3 juegos ol\u00edmpicos consecutivos\u201d.<\/p>\n<p>&nbsp;<\/p>\n<p>Por \u00faltimo, el entrenador asistente de \u201cLos Gladiadores\u201d que se quedaron sin dos de sus m\u00e1ximas figuras ya que anunciaron su retiro Gonzalo Carou y Sebasti\u00e1n Simonet \u00a0salud\u00f3: \u201cA toda la gente de Olavarr\u00eda, a mi amigazo Guillermo Eluchans -NdR: entrenador de Racing- y los que nos apoyan un abrazo fuerte&#8221;.<\/p>\n","protected":false},"excerpt":{"rendered":"<p>Uno de los entrenadores de \u201cLos Gladiadores\u201d el equipo nacional de handball habl\u00f3 con Pasi\u00f3n Bostera en Radio Universidad y<\/p>\n","protected":false},"author":96739694,"featured_media":0,"comment_status":"closed","ping_status":"closed","sticky":false,"template":"","format":"standard","meta":{"_jetpack_memberships_contains_paid_content":false,"footnotes":""},"categories":[30,1],"tags":[],"class_list":["post-141370","post","type-post","status-publish","format-standard","hentry","category-polideportivo","category-portada"],"jetpack_featured_media_url":"","jetpack_sharing_enabled":true,"_links":{"self":[{"href":"https:\/\/cdnoticias.com\/index.php\/wp-json\/wp\/v2\/posts\/141370","targetHints":{"allow":["GET"]}}],"collection":[{"href":"https:\/\/cdnoticias.com\/index.php\/wp-json\/wp\/v2\/posts"}],"about":[{"href":"https:\/\/cdnoticias.com\/index.php\/wp-json\/wp\/v2\/types\/post"}],"author":[{"embeddable":true,"href":"https:\/\/cdnoticias.com\/index.php\/wp-json\/wp\/v2\/users\/96739694"}],"replies":[{"embeddable":true,"href":"https:\/\/cdnoticias.com\/index.php\/wp-json\/wp\/v2\/comments?post=141370"}],"version-history":[{"count":0,"href":"https:\/\/cdnoticias.com\/index.php\/wp-json\/wp\/v2\/posts\/141370\/revisions"}],"wp:attachment":[{"href":"https:\/\/cdnoticias.com\/index.php\/wp-json\/wp\/v2\/media?parent=141370"}],"wp:term":[{"taxonomy":"category","embeddable":true,"href":"https:\/\/cdnoticias.com\/index.php\/wp-json\/wp\/v2\/categories?post=141370"},{"taxonomy":"post_tag","embeddable":true,"href":"https:\/\/cdnoticias.com\/index.php\/wp-json\/wp\/v2\/tags?post=141370"}],"curies":[{"name":"wp","href":"https:\/\/api.w.org\/{rel}","templated":true}]}}