{"id":141359,"date":"2021-07-31T17:08:56","date_gmt":"2021-07-31T20:08:56","guid":{"rendered":"http:\/\/centraldeportes.com.ar\/?p=2781"},"modified":"2025-01-27T23:56:20","modified_gmt":"2025-01-28T02:56:20","slug":"los-equipos-olavarrienses-se-refuerzan-para-el-torneo-provincial-de-clubes","status":"publish","type":"post","link":"https:\/\/cdnoticias.com\/index.php\/2021\/07\/31\/los-equipos-olavarrienses-se-refuerzan-para-el-torneo-provincial-de-clubes\/","title":{"rendered":"Los equipos olavarrienses se refuerzan para el Torneo Provincial de Clubes"},"content":{"rendered":"<p>Racing y Pueblo Nuevo confirmaron caras nuevas pensando en el inicio del Torneo Provincial de Clubes.<\/p>\n<p><!--more--><\/p>\n<hr \/>\n<p>Los clubes que representar\u00e1n a Olavarr\u00eda en la competencia organizada por la Confederaci\u00f3n Argentina de B\u00e1squet <strong>confirmaron en las \u00faltimas horas varios jugadores nuevos<\/strong>.<\/p>\n<p>&nbsp;<\/p>\n<p>D\u00edas atr\u00e1s se dio a conocer que <strong>Dar\u00edan Am\u00e9rico<\/strong> jugar\u00e1 para el Lobo en la venidera edici\u00f3n del Torneo Provincial de Clubes. En las \u00faltimas horas anunciaron <strong>la contrataci\u00f3n de Martin Santana<\/strong>, quien viene de participar de la \u00faltima edici\u00f3n del Torneo de Verano en el equipo Chaira, y compartir\u00e1 equipo con su hermano mayor <strong>-Mat\u00edas Santana-<\/strong>.<\/p>\n<p>&nbsp;<\/p>\n<p><img data-recalc-dims=\"1\" loading=\"lazy\" decoding=\"async\" class=\"aligncenter size-large wp-image-1636\" src=\"https:\/\/i0.wp.com\/centraldeportes.com.ar\/wp-content\/uploads\/2021\/07\/Racing-Pueblo-nuevo-15-1024x682.png?resize=800%2C533\" alt=\"\" width=\"800\" height=\"533\" \/><\/p>\n<p>&nbsp;<\/p>\n<p>Por el lado del Chaira, <a href=\"http:\/\/centraldeportes.com.ar\/se-confirmo-el-fixture-de-la-liga-provincial-de-clubes-y-racing-sumo-su-primer-refuerzo\/\">se suman al refuerzo previamente confirmado -Martin Delgado-<\/a>, <strong>I\u00f1aki Lardapide, Facundo \u00c1lvarez y Gonzalo Alonso<\/strong>, quienes ya se encontraban entrenando en el club de avenida Colon desde hace unos meses. Tambi\u00e9n se confirm\u00f3 el arreglo con <strong>el base Nicol\u00e1s Lorenzo<\/strong>, con \u00faltimo paso por Estudiantes de Olavarr\u00eda en La Liga Argentina.<\/p>\n<p>&nbsp;<\/p>\n<p><img data-recalc-dims=\"1\" loading=\"lazy\" decoding=\"async\" class=\"aligncenter size-full wp-image-2782\" src=\"https:\/\/i0.wp.com\/centraldeportes.com.ar\/wp-content\/uploads\/2021\/07\/lorenzo.png?resize=800%2C445\" alt=\"\" width=\"800\" height=\"445\" \/><\/p>\n<p>&nbsp;<\/p>\n<p>Recordamos que el inicio de torneo, <strong>ser\u00e1 con el choque de los dos equipos olavarrienses<\/strong>, Racing y Pueblo Nuevo se enfrentaran -en cancha de Pueblo Nuevo- <strong>en la primera fecha, el fin de semana del 20 de agosto<\/strong>.<\/p>\n<p>&nbsp;<\/p>\n","protected":false},"excerpt":{"rendered":"<p>Racing y Pueblo Nuevo confirmaron caras nuevas pensando en el inicio del Torneo Provincial de Clubes.<\/p>\n","protected":false},"author":96739694,"featured_media":142916,"comment_status":"closed","ping_status":"closed","sticky":false,"template":"","format":"standard","meta":{"_jetpack_memberships_contains_paid_content":false,"footnotes":""},"categories":[31,1,43],"tags":[],"class_list":["post-141359","post","type-post","status-publish","format-standard","has-post-thumbnail","hentry","category-basquet","category-portada","category-primera"],"jetpack_featured_media_url":"https:\/\/i0.wp.com\/cdnoticias.com\/wp-content\/uploads\/2021\/07\/portadarefuerzos.png?fit=800%2C445&ssl=1","jetpack_sharing_enabled":true,"_links":{"self":[{"href":"https:\/\/cdnoticias.com\/index.php\/wp-json\/wp\/v2\/posts\/141359","targetHints":{"allow":["GET"]}}],"collection":[{"href":"https:\/\/cdnoticias.com\/index.php\/wp-json\/wp\/v2\/posts"}],"about":[{"href":"https:\/\/cdnoticias.com\/index.php\/wp-json\/wp\/v2\/types\/post"}],"author":[{"embeddable":true,"href":"https:\/\/cdnoticias.com\/index.php\/wp-json\/wp\/v2\/users\/96739694"}],"replies":[{"embeddable":true,"href":"https:\/\/cdnoticias.com\/index.php\/wp-json\/wp\/v2\/comments?post=141359"}],"version-history":[{"count":0,"href":"https:\/\/cdnoticias.com\/index.php\/wp-json\/wp\/v2\/posts\/141359\/revisions"}],"wp:featuredmedia":[{"embeddable":true,"href":"https:\/\/cdnoticias.com\/index.php\/wp-json\/wp\/v2\/media\/142916"}],"wp:attachment":[{"href":"https:\/\/cdnoticias.com\/index.php\/wp-json\/wp\/v2\/media?parent=141359"}],"wp:term":[{"taxonomy":"category","embeddable":true,"href":"https:\/\/cdnoticias.com\/index.php\/wp-json\/wp\/v2\/categories?post=141359"},{"taxonomy":"post_tag","embeddable":true,"href":"https:\/\/cdnoticias.com\/index.php\/wp-json\/wp\/v2\/tags?post=141359"}],"curies":[{"name":"wp","href":"https:\/\/api.w.org\/{rel}","templated":true}]}}