{"id":141350,"date":"2022-02-23T12:55:42","date_gmt":"2022-02-23T15:55:42","guid":{"rendered":"http:\/\/centraldeportes.com.ar\/?p=11971"},"modified":"2022-02-23T12:55:42","modified_gmt":"2022-02-23T15:55:42","slug":"se-viene-la-12o-mtb-kinewn-a-beneficio-de-ilusiones-2","status":"publish","type":"post","link":"https:\/\/cdnoticias.com\/index.php\/2022\/02\/23\/se-viene-la-12o-mtb-kinewn-a-beneficio-de-ilusiones-2\/","title":{"rendered":"Se viene la 12\u00ba MTB Ki\u00f1ewn, a beneficio de Ilusiones"},"content":{"rendered":"<p>En la ma\u00f1ana de este mi\u00e9rcoles, en el Sal\u00f3n Blanco del Palacio San Mart\u00edn, se llev\u00f3 a cabo el lanzamiento oficial \u2013en conferencia de prensa- de la 12\u00aa MTB Ki\u00f1ewn, que se realizar\u00e1 el domingo 6 de marzo, desde el Balneario de Colonia San Miguel, a beneficio del Grupo Ilusiones.<\/p>\n<p><!--more--><\/p>\n<hr \/>\n<p>El anuncio fue encabezado por el intendente Ezequiel Galli, el director de Gesti\u00f3n Deportiva Oscar \u201cTito\u201d Gonz\u00e1lez, Christian S\u00e1ez y Mercedes Villemur en representaci\u00f3n del Grupo Ki\u00f1ewn y Luis Timerman por Ilusiones.<\/p>\n<p>&nbsp;<\/p>\n<p>Tambi\u00e9n estuvieron presentes el subsecretario de Deportes y Recreaci\u00f3n Juan Agust\u00edn Galli y el director de Deporte Social Fabricio Carrera.<\/p>\n<p>&nbsp;<\/p>\n<p><strong>\u201cEstamos haciendo el lanzamiento oficial de la carrera de mountain bike, que se llevar\u00e1 cabo el d\u00eda 6 de marzo, en Colonia San Miguel. Es una carrera que organiza Ki\u00f1ewn, a beneficio del Grupo Ilusiones\u201d<\/strong>,\u00a0indic\u00f3 el intendente Ezequiel Galli.<\/p>\n<p>&nbsp;<\/p>\n<blockquote><p>\u201cNos acompa\u00f1a gente de Ki\u00f1ewn, Grupo Ilusiones, y el flamante Director de Gesti\u00f3n Deportiva \u201cTito\u201d Gonz\u00e1lez, al cual le damos la bienvenida\u201d,\u00a0dijo Galli.<\/p><\/blockquote>\n<p>&nbsp;<\/p>\n<p><strong>\u201cEste tipo de carreras, que Olavarr\u00eda tiene en el calendario deportivo anual, fomentan el turismo local, que se realice desde Colonia San Miguel tiene una importante simbolog\u00eda, por estos caminos tan lindos que tiene nuestro Partido\u201d.<\/strong><\/p>\n<p>&nbsp;<\/p>\n<p><strong>\u201cVa a haber dos modalidades: 30 y 60 Km, se pueden inscribir on line, ahora \u201cTito\u201d Gonz\u00e1lez les va a brindar detalles, pero lo importante es que se inscriban\u00a0 con tiempo, porque ya hay casi 300 anotados, de un cupo de 500\u201d<\/strong>, adelant\u00f3.<\/p>\n<p>&nbsp;<\/p>\n<p><strong>\u201cEsperamos que se pueda cumplir con el cupo y que el Grupo Ilusiones pueda tener un beneficio, que es lo que se est\u00e1 buscando\u201d<\/strong>,\u00a0concluy\u00f3.<\/p>\n<p>&nbsp;<\/p>\n<p><img data-recalc-dims=\"1\" loading=\"lazy\" decoding=\"async\" class=\"alignnone size-full wp-image-11973\" src=\"https:\/\/i0.wp.com\/centraldeportes.com.ar\/wp-content\/uploads\/2022\/02\/Deportes-Carrera-Kinewn-1-scaled.jpg?resize=800%2C535\" alt=\"\" width=\"800\" height=\"535\" \/><\/p>\n<p>&nbsp;<\/p>\n<p><strong>\u201cEs la d\u00e9cima segunda edici\u00f3n de esta carrera, que forma parte del calendario regional, provincial y nacional. Vienen varios grupos confirmados. Es un honor ser parte, es la primera competencia que estoy como Director de Gesti\u00f3n Deportiva. Es una ayuda muy importante para el Grupo Ilusiones. No solo es un evento deportivo, sino tambi\u00e9n tur\u00edstico y cultural que nos convoca a todos\u201d<\/strong>,\u00a0destac\u00f3 \u201cTito\u201d Gonz\u00e1lez.<\/p>\n<p>&nbsp;<\/p>\n<p><strong>\u201cVa ser una fiesta y lo invitamos a todos a participar. No es solamente una carrera rural, sino tambi\u00e9n van a estar pedaleando por las sierras, por las v\u00edas. Es un circuito muy t\u00e9cnico, lindo\u201d<\/strong>, afirm\u00f3.<\/p>\n<p>&nbsp;<\/p>\n<p>Por su parte Christian S\u00e1ez, del grupo Ki\u00f1ewn, agradeci\u00f3\u00a0<strong>\u201ca la Municipalidad, Bomberos, Polic\u00eda y auspiciantes que nos ayudan a solventar los gastos de la carrera. Somos un grupo de ciclistas que hacemos esta carrera Ki\u00f1ewn siempre a beneficio de una instituci\u00f3n de la comunidad\u201d<\/strong>.<\/p>\n<p>&nbsp;<\/p>\n<p><strong>\u201cEl circuito es muy lindo, muy parecido al del a\u00f1o 2020, con algunos cambios de senderos, va a ser un circuito trabado, competitivo, para la gente que viene de afuera\u201d<\/strong>,\u00a0asegur\u00f3.<\/p>\n<p>&nbsp;<\/p>\n<p>Mercedes Villemur, agreg\u00f3 que\u00a0<strong>\u201ces un circuito con varios condimentos, un poco rural, otro poco t\u00e9cnico, tiene senderos y es tambi\u00e9n llano. Los invitamos a todos a que se inscriban, no se van a arrepentir, es una carrera hermosa\u201d<\/strong>.<\/p>\n<p>&nbsp;<\/p>\n<blockquote><p>\u201cViene el grupo Raleigh y un preparador f\u00edsico de Tandil que va a traer a sus corredores. Se viene un lindo nivel, este a\u00f1o aparentemente\u00a0 hay mucha gente que tiene ganas de correr, la pandemia hizo que se pare, es una de las primeras carreras que se est\u00e1 haciendo en la regi\u00f3n\u201d.<\/p><\/blockquote>\n<p>&nbsp;<\/p>\n<p>Para el cierre, Luis Timerman, por el grupo Ilusiones, expres\u00f3\u00a0<strong>\u201cqueremos agradecer a toda la comunidad de Olavarr\u00eda, en especial al Grupo Ki\u00f1ewn, que por segunda vez nos han tenido en cuenta y para nosotros es muy especial y nos da mucha fuerza. Tambi\u00e9n queremos agradecer al Municipio, sponsors y participantes\u201d<\/strong>.<\/p>\n<p>&nbsp;<\/p>\n<p>El horario de largada es a las 10:30 desde el Balneario de Colonia San Miguel y se realizar\u00e1 por categor\u00eda. Las distancias son de 30 Km para principiantes y menores y de 60 Km para las dem\u00e1s categor\u00edas.<\/p>\n<p>&nbsp;<\/p>\n<p>El costo de inscripci\u00f3n (con seguro incluido) para principiantes es de $2000 hasta el 1\u00ba de marzo y de $2400 hasta el s\u00e1bado 5 de marzo. Para el resto de las categor\u00edas hasta el 1\u00ba de marzo es de $2400 y hasta el 5 de marzo es de $2800.<\/p>\n<p>El cierre de la inscripci\u00f3n es el d\u00eda s\u00e1bado 5 de marzo. No se inscribe el d\u00eda de la carrera. Para acreditaci\u00f3n y entrega de kit, deber\u00e1n dirigirse el s\u00e1bado, de 14:30 a 19 horas en el Centro Cultural Municipal \u201cSan Jos\u00e9\u201d.<\/p>\n","protected":false},"excerpt":{"rendered":"<p>En la ma\u00f1ana de este mi\u00e9rcoles, en el Sal\u00f3n Blanco del Palacio San Mart\u00edn, se llev\u00f3 a cabo el lanzamiento<\/p>\n","protected":false},"author":96739695,"featured_media":11974,"comment_status":"closed","ping_status":"closed","sticky":false,"template":"","format":"standard","meta":{"_jetpack_memberships_contains_paid_content":false,"footnotes":""},"categories":[30,1],"tags":[],"class_list":["post-141350","post","type-post","status-publish","format-standard","has-post-thumbnail","hentry","category-polideportivo","category-portada"],"jetpack_featured_media_url":"","jetpack_sharing_enabled":true,"_links":{"self":[{"href":"https:\/\/cdnoticias.com\/index.php\/wp-json\/wp\/v2\/posts\/141350","targetHints":{"allow":["GET"]}}],"collection":[{"href":"https:\/\/cdnoticias.com\/index.php\/wp-json\/wp\/v2\/posts"}],"about":[{"href":"https:\/\/cdnoticias.com\/index.php\/wp-json\/wp\/v2\/types\/post"}],"author":[{"embeddable":true,"href":"https:\/\/cdnoticias.com\/index.php\/wp-json\/wp\/v2\/users\/96739695"}],"replies":[{"embeddable":true,"href":"https:\/\/cdnoticias.com\/index.php\/wp-json\/wp\/v2\/comments?post=141350"}],"version-history":[{"count":0,"href":"https:\/\/cdnoticias.com\/index.php\/wp-json\/wp\/v2\/posts\/141350\/revisions"}],"wp:featuredmedia":[{"embeddable":true,"href":"https:\/\/cdnoticias.com\/index.php\/wp-json\/"}],"wp:attachment":[{"href":"https:\/\/cdnoticias.com\/index.php\/wp-json\/wp\/v2\/media?parent=141350"}],"wp:term":[{"taxonomy":"category","embeddable":true,"href":"https:\/\/cdnoticias.com\/index.php\/wp-json\/wp\/v2\/categories?post=141350"},{"taxonomy":"post_tag","embeddable":true,"href":"https:\/\/cdnoticias.com\/index.php\/wp-json\/wp\/v2\/tags?post=141350"}],"curies":[{"name":"wp","href":"https:\/\/api.w.org\/{rel}","templated":true}]}}