{"id":141341,"date":"2022-02-22T14:41:48","date_gmt":"2022-02-22T17:41:48","guid":{"rendered":"http:\/\/centraldeportes.com.ar\/?p=11908"},"modified":"2025-02-02T11:25:17","modified_gmt":"2025-02-02T14:25:17","slug":"agustina-imaz-fue-convocada-a-la-seleccion-argentina","status":"publish","type":"post","link":"https:\/\/cdnoticias.com\/index.php\/2022\/02\/22\/agustina-imaz-fue-convocada-a-la-seleccion-argentina\/","title":{"rendered":"Agustina Imaz fue convocada a la Selecci\u00f3n Argentina"},"content":{"rendered":"<p>La jugadora de polo olavarriense fue convocada a la Selecci\u00f3n Argentina para sumarse a los entrenamientos con las mejores deportistas del pa\u00eds.<!--more--><\/p>\n<hr \/>\n<p>La segunda semana de abril ser\u00e1 inolvidable para Agustina Imaz que estar\u00e1 en los entrenamientos de la Selecci\u00f3n Argentina, ya que fue convocada en los \u00faltimos d\u00edas.<\/p>\n<p>&nbsp;<\/p>\n<p>De cara a las competencias nacionales de la temporada, la olavarriense que presenta cuatro goles de h\u00e1ndicap deber\u00e1 concentrarse durante el mes de abril para perfeccionar su juego junto a las mejores jugadoras del pa\u00eds.<\/p>\n<p>&nbsp;<\/p>\n<p>La citaci\u00f3n al equipo nacional se debe a que en los \u00faltimos meses, Imaz ha sido parte de diversas competencias con destacadas actuaciones y un t\u00edtulo en Punta del Este en el pasado enero.<\/p>\n","protected":false},"excerpt":{"rendered":"<p>La jugadora de polo olavarriense fue convocada a la Selecci\u00f3n Argentina para sumarse a los entrenamientos con las mejores deportistas<\/p>\n","protected":false},"author":96739694,"featured_media":147105,"comment_status":"closed","ping_status":"closed","sticky":false,"template":"","format":"standard","meta":{"_jetpack_memberships_contains_paid_content":false,"footnotes":""},"categories":[30,1],"tags":[],"class_list":["post-141341","post","type-post","status-publish","format-standard","has-post-thumbnail","hentry","category-polideportivo","category-portada"],"jetpack_featured_media_url":"https:\/\/i0.wp.com\/cdnoticias.com\/wp-content\/uploads\/2022\/02\/6c4299_a2f67adcd37849aeae61a585da0dde6a_mv2.jpg?fit=1000%2C666&ssl=1","jetpack_sharing_enabled":true,"_links":{"self":[{"href":"https:\/\/cdnoticias.com\/index.php\/wp-json\/wp\/v2\/posts\/141341","targetHints":{"allow":["GET"]}}],"collection":[{"href":"https:\/\/cdnoticias.com\/index.php\/wp-json\/wp\/v2\/posts"}],"about":[{"href":"https:\/\/cdnoticias.com\/index.php\/wp-json\/wp\/v2\/types\/post"}],"author":[{"embeddable":true,"href":"https:\/\/cdnoticias.com\/index.php\/wp-json\/wp\/v2\/users\/96739694"}],"replies":[{"embeddable":true,"href":"https:\/\/cdnoticias.com\/index.php\/wp-json\/wp\/v2\/comments?post=141341"}],"version-history":[{"count":0,"href":"https:\/\/cdnoticias.com\/index.php\/wp-json\/wp\/v2\/posts\/141341\/revisions"}],"wp:featuredmedia":[{"embeddable":true,"href":"https:\/\/cdnoticias.com\/index.php\/wp-json\/wp\/v2\/media\/147105"}],"wp:attachment":[{"href":"https:\/\/cdnoticias.com\/index.php\/wp-json\/wp\/v2\/media?parent=141341"}],"wp:term":[{"taxonomy":"category","embeddable":true,"href":"https:\/\/cdnoticias.com\/index.php\/wp-json\/wp\/v2\/categories?post=141341"},{"taxonomy":"post_tag","embeddable":true,"href":"https:\/\/cdnoticias.com\/index.php\/wp-json\/wp\/v2\/tags?post=141341"}],"curies":[{"name":"wp","href":"https:\/\/api.w.org\/{rel}","templated":true}]}}