{"id":141340,"date":"2022-02-22T14:36:19","date_gmt":"2022-02-22T17:36:19","guid":{"rendered":"http:\/\/centraldeportes.com.ar\/?p=11916"},"modified":"2025-02-02T11:25:19","modified_gmt":"2025-02-02T14:25:19","slug":"ferro-tiene-el-dt-para-el-2022-sera-mauricio-peralta","status":"publish","type":"post","link":"https:\/\/cdnoticias.com\/index.php\/2022\/02\/22\/ferro-tiene-el-dt-para-el-2022-sera-mauricio-peralta\/","title":{"rendered":"Ferro tiene el DT para el 2022: ser\u00e1 Mauricio Peralta"},"content":{"rendered":"<p>Tras la salida de Gustavo Romanello, Ferro confirm\u00f3 la contrataci\u00f3n de Mauricio Peralta para la temporada 2022.<!--more--><\/p>\n<hr \/>\n<p>Durante el transcurso del lunes se confirm\u00f3 que Mauricio Peralta volver\u00e1 a la entidad de la Pringles donde estuvo en 2019. Estar\u00e1 acompa\u00f1ado por Rub\u00e9n Istillarte (AC), Diego Arrendondo y Mario V\u00e1zquez (PF) y Alfredo Leguizam\u00f3n (EA).<\/p>\n<p>&nbsp;<\/p>\n<p>El olavarriense que jug\u00f3 la final regional del Torneo Regional Amateur con el \u201cCarbonero\u201d en el 2019, llega tras su paso por Club Ciudad de Bol\u00edvar donde logr\u00f3 el ascenso al Torneo Federal A se har\u00e1 cargo del plantel para el Torneo Clausura del f\u00fatbol local y en la venidera competencia organizada por el Consejo Federal.<\/p>\n","protected":false},"excerpt":{"rendered":"<p>Tras la salida de Gustavo Romanello, Ferro confirm\u00f3 la contrataci\u00f3n de Mauricio Peralta para la temporada 2022.<\/p>\n","protected":false},"author":96739694,"featured_media":147107,"comment_status":"closed","ping_status":"closed","sticky":false,"template":"","format":"standard","meta":{"_jetpack_memberships_contains_paid_content":false,"footnotes":""},"categories":[35,1,41],"tags":[],"class_list":["post-141340","post","type-post","status-publish","format-standard","has-post-thumbnail","hentry","category-futbol","category-portada","category-primera-y-reserva"],"jetpack_featured_media_url":"https:\/\/i0.wp.com\/cdnoticias.com\/wp-content\/uploads\/2022\/02\/resize_1545326362.jpg?fit=1024%2C577&ssl=1","jetpack_sharing_enabled":true,"_links":{"self":[{"href":"https:\/\/cdnoticias.com\/index.php\/wp-json\/wp\/v2\/posts\/141340","targetHints":{"allow":["GET"]}}],"collection":[{"href":"https:\/\/cdnoticias.com\/index.php\/wp-json\/wp\/v2\/posts"}],"about":[{"href":"https:\/\/cdnoticias.com\/index.php\/wp-json\/wp\/v2\/types\/post"}],"author":[{"embeddable":true,"href":"https:\/\/cdnoticias.com\/index.php\/wp-json\/wp\/v2\/users\/96739694"}],"replies":[{"embeddable":true,"href":"https:\/\/cdnoticias.com\/index.php\/wp-json\/wp\/v2\/comments?post=141340"}],"version-history":[{"count":0,"href":"https:\/\/cdnoticias.com\/index.php\/wp-json\/wp\/v2\/posts\/141340\/revisions"}],"wp:featuredmedia":[{"embeddable":true,"href":"https:\/\/cdnoticias.com\/index.php\/wp-json\/wp\/v2\/media\/147107"}],"wp:attachment":[{"href":"https:\/\/cdnoticias.com\/index.php\/wp-json\/wp\/v2\/media?parent=141340"}],"wp:term":[{"taxonomy":"category","embeddable":true,"href":"https:\/\/cdnoticias.com\/index.php\/wp-json\/wp\/v2\/categories?post=141340"},{"taxonomy":"post_tag","embeddable":true,"href":"https:\/\/cdnoticias.com\/index.php\/wp-json\/wp\/v2\/tags?post=141340"}],"curies":[{"name":"wp","href":"https:\/\/api.w.org\/{rel}","templated":true}]}}