{"id":141333,"date":"2022-02-21T17:25:42","date_gmt":"2022-02-21T20:25:42","guid":{"rendered":"http:\/\/centraldeportes.com.ar\/?p=11885"},"modified":"2025-02-02T11:25:45","modified_gmt":"2025-02-02T14:25:45","slug":"la-lluvia-complico-la-primera-fecha-del-karting","status":"publish","type":"post","link":"https:\/\/cdnoticias.com\/index.php\/2022\/02\/21\/la-lluvia-complico-la-primera-fecha-del-karting\/","title":{"rendered":"La lluvia complic\u00f3 la primera fecha del Karting"},"content":{"rendered":"<p>Las divisionales de APPKO disputaron la primera fecha del campeonato en Lober\u00eda, pero s\u00f3lo tres categor\u00edas lograron disputar la final, ya que cuando la M\u00e1ster sal\u00eda a pista la lluvia detuvo el desarrollo de la actividad. Benjam\u00edn Lantella, Bautista Robbiani y Valentino L\u00f3pez Cieza comenzaron ganando en las categor\u00edas Escuela, Junior y Cadetes.<!--more--><\/p>\n<hr \/>\n<p>La primera fecha del campeonato se disput\u00f3 este fin de semana en el kart\u00f3dromo &#8220;La Virgen del Camino&#8221; de Lober\u00eda, y lamentablemente no se pudo completar la actividad del domingo porque la lluvia interrumpi\u00f3 cuando s\u00f3lo se hab\u00edan disputado tres de las siete categor\u00edas. Los directivos de la prueba aguardaron el tiempo prudencial para reanudar la actividad pero no se pudo, por lo que las divisionales que no llegaron a completar la final sumar\u00e1n s\u00f3lo los puntos de la serie.<\/p>\n<p>&nbsp;<\/p>\n<p>En Escuela 110 la victoria qued\u00f3 en manos de Benjam\u00edn Lantella consiguiendo su primer \u00e9xito en la categor\u00eda. Segundo arrib\u00f3 Nicol\u00e1s Di Marco y tercero Ignacio Bizgarra, m\u00e1s atr\u00e1s Sim\u00f3n Irigoyen y Juan Cruz Tambascio.<\/p>\n<p>&nbsp;<\/p>\n<p>En Junior 150 el triunfo qued\u00f3 en poder de Bautista Robbiani, en pista hab\u00eda ganado Franco D\u00f3mina, pero fue recargado por un toque justamente con Robbiani por lo que intercambiaron las ubicaciones. El tercer lugar fue para Bernardo Su\u00e1rez, cuarto fue Facundo Arellano y quinto El\u00edas Buceta.<\/p>\n<p>&nbsp;<\/p>\n\n<p>&nbsp;<\/p>\n<p>Por \u00faltimo, antes de la lluvia, los Cadetes 150 disputaron la final y la victoria en pista fue para Thiago Irureta, que a menos de dos vueltas para el final perdi\u00f3 la trompa de su unidad, por lo que termin\u00f3 la carrera sin ese elemento. Producto de esto, luego no dio el peso m\u00ednimo y fue excluido de la prueba. El triunfo qued\u00f3 en poder del olavarriense Valentino L\u00f3pez Cieza, que hab\u00eda arribado en el segundo lugar. Juan Cruz Baracco qued\u00f3 como escolta y Facundo Navarro complet\u00f3 el podio. Paulo Zandegiacomi y Francisco Solari completaron los cinco de punta.<\/p>\n","protected":false},"excerpt":{"rendered":"<p>Las divisionales de APPKO disputaron la primera fecha del campeonato en Lober\u00eda, pero s\u00f3lo tres categor\u00edas lograron disputar la final,<\/p>\n","protected":false},"author":96739694,"featured_media":0,"comment_status":"closed","ping_status":"closed","sticky":false,"template":"","format":"standard","meta":{"_jetpack_memberships_contains_paid_content":false,"footnotes":""},"categories":[33,34,1],"tags":[],"class_list":["post-141333","post","type-post","status-publish","format-standard","hentry","category-appko","category-automovilismo","category-portada"],"jetpack_featured_media_url":"","jetpack_sharing_enabled":true,"_links":{"self":[{"href":"https:\/\/cdnoticias.com\/index.php\/wp-json\/wp\/v2\/posts\/141333","targetHints":{"allow":["GET"]}}],"collection":[{"href":"https:\/\/cdnoticias.com\/index.php\/wp-json\/wp\/v2\/posts"}],"about":[{"href":"https:\/\/cdnoticias.com\/index.php\/wp-json\/wp\/v2\/types\/post"}],"author":[{"embeddable":true,"href":"https:\/\/cdnoticias.com\/index.php\/wp-json\/wp\/v2\/users\/96739694"}],"replies":[{"embeddable":true,"href":"https:\/\/cdnoticias.com\/index.php\/wp-json\/wp\/v2\/comments?post=141333"}],"version-history":[{"count":0,"href":"https:\/\/cdnoticias.com\/index.php\/wp-json\/wp\/v2\/posts\/141333\/revisions"}],"wp:attachment":[{"href":"https:\/\/cdnoticias.com\/index.php\/wp-json\/wp\/v2\/media?parent=141333"}],"wp:term":[{"taxonomy":"category","embeddable":true,"href":"https:\/\/cdnoticias.com\/index.php\/wp-json\/wp\/v2\/categories?post=141333"},{"taxonomy":"post_tag","embeddable":true,"href":"https:\/\/cdnoticias.com\/index.php\/wp-json\/wp\/v2\/tags?post=141333"}],"curies":[{"name":"wp","href":"https:\/\/api.w.org\/{rel}","templated":true}]}}