{"id":141332,"date":"2022-02-21T15:38:19","date_gmt":"2022-02-21T18:38:19","guid":{"rendered":"http:\/\/centraldeportes.com.ar\/?p=11882"},"modified":"2025-02-02T11:25:51","modified_gmt":"2025-02-02T14:25:51","slug":"loma-negra-prepara-el-torneo-clausura-sumando-amistosos","status":"publish","type":"post","link":"https:\/\/cdnoticias.com\/index.php\/2022\/02\/21\/loma-negra-prepara-el-torneo-clausura-sumando-amistosos\/","title":{"rendered":"Loma Negra prepara el Torneo Clausura sumando amistosos"},"content":{"rendered":"<p>En la tarde del domingo, Loma Negra aprovech\u00f3 la postergaci\u00f3n de su partido en el comienzo del Torneo Clausura y jug\u00f3 un amistoso.<!--more--><\/p>\n<hr \/>\n<p>Las divisiones mayores del \u201cCeleste\u201d disputaron partidos amistosos contra River de Azul. En Reserva, se impuso por 2 a 1 con goles de Tom\u00e1s Ragg y Mat\u00edas N\u00fa\u00f1ez.<\/p>\n<p>&nbsp;<\/p>\n<p>Adem\u00e1s, en Primera Divisi\u00f3n fue empate por 2 a 2 con goles de F\u00e9lix Galvan y Franco Berna.<\/p>\n","protected":false},"excerpt":{"rendered":"<p>En la tarde del domingo, Loma Negra aprovech\u00f3 la postergaci\u00f3n de su partido en el comienzo del Torneo Clausura y<\/p>\n","protected":false},"author":96739694,"featured_media":147126,"comment_status":"closed","ping_status":"closed","sticky":false,"template":"","format":"standard","meta":{"_jetpack_memberships_contains_paid_content":false,"footnotes":""},"categories":[35,1,41],"tags":[],"class_list":["post-141332","post","type-post","status-publish","format-standard","has-post-thumbnail","hentry","category-futbol","category-portada","category-primera-y-reserva"],"jetpack_featured_media_url":"https:\/\/i0.wp.com\/cdnoticias.com\/wp-content\/uploads\/2022\/02\/274359501_5704528732896910_5756368196098148379_n.jpg?fit=1440%2C956&ssl=1","jetpack_sharing_enabled":true,"_links":{"self":[{"href":"https:\/\/cdnoticias.com\/index.php\/wp-json\/wp\/v2\/posts\/141332","targetHints":{"allow":["GET"]}}],"collection":[{"href":"https:\/\/cdnoticias.com\/index.php\/wp-json\/wp\/v2\/posts"}],"about":[{"href":"https:\/\/cdnoticias.com\/index.php\/wp-json\/wp\/v2\/types\/post"}],"author":[{"embeddable":true,"href":"https:\/\/cdnoticias.com\/index.php\/wp-json\/wp\/v2\/users\/96739694"}],"replies":[{"embeddable":true,"href":"https:\/\/cdnoticias.com\/index.php\/wp-json\/wp\/v2\/comments?post=141332"}],"version-history":[{"count":0,"href":"https:\/\/cdnoticias.com\/index.php\/wp-json\/wp\/v2\/posts\/141332\/revisions"}],"wp:featuredmedia":[{"embeddable":true,"href":"https:\/\/cdnoticias.com\/index.php\/wp-json\/wp\/v2\/media\/147126"}],"wp:attachment":[{"href":"https:\/\/cdnoticias.com\/index.php\/wp-json\/wp\/v2\/media?parent=141332"}],"wp:term":[{"taxonomy":"category","embeddable":true,"href":"https:\/\/cdnoticias.com\/index.php\/wp-json\/wp\/v2\/categories?post=141332"},{"taxonomy":"post_tag","embeddable":true,"href":"https:\/\/cdnoticias.com\/index.php\/wp-json\/wp\/v2\/tags?post=141332"}],"curies":[{"name":"wp","href":"https:\/\/api.w.org\/{rel}","templated":true}]}}