{"id":141315,"date":"2022-02-18T17:32:14","date_gmt":"2022-02-18T20:32:14","guid":{"rendered":"http:\/\/centraldeportes.com.ar\/?p=11753"},"modified":"2025-02-02T11:18:58","modified_gmt":"2025-02-02T14:18:58","slug":"el-cef-san-antonio-empezo-la-pretemporada","status":"publish","type":"post","link":"https:\/\/cdnoticias.com\/index.php\/2022\/02\/18\/el-cef-san-antonio-empezo-la-pretemporada\/","title":{"rendered":"El CEF San Antonio empez\u00f3 la pretemporada"},"content":{"rendered":"<p>En el gimnasio del Colegio San Antonio dio inicio la pretemporada para la categor\u00eda Maxiv\u00f3ley.<!--more--><\/p>\n<hr \/>\n<p>La actividad a cargo de Sonia Thostrup comenz\u00f3 el pasado mi\u00e9rcoles con una veintena de deportistas que entrenan para ser parte de los cert\u00e1menes del ente regulador del v\u00f3ley local.<\/p>\n<p>&nbsp;<\/p>\n<p>Los horarios de entrenamiento son los d\u00edas mi\u00e9rcoles y viernes de 20 a 21:30 y quienes deseen sumarse a la actividad deben comunicarse al 2284-610422.<\/p>\n","protected":false},"excerpt":{"rendered":"<p>En el gimnasio del Colegio San Antonio dio inicio la pretemporada para la categor\u00eda Maxiv\u00f3ley.<\/p>\n","protected":false},"author":96739694,"featured_media":147049,"comment_status":"closed","ping_status":"closed","sticky":false,"template":"","format":"standard","meta":{"_jetpack_memberships_contains_paid_content":false,"footnotes":""},"categories":[30,1],"tags":[],"class_list":["post-141315","post","type-post","status-publish","format-standard","has-post-thumbnail","hentry","category-polideportivo","category-portada"],"jetpack_featured_media_url":"https:\/\/i0.wp.com\/cdnoticias.com\/wp-content\/uploads\/2022\/02\/WhatsApp-Image-2022-02-17-at-6.07.30-PM.jpeg?fit=1039%2C833&ssl=1","jetpack_sharing_enabled":true,"_links":{"self":[{"href":"https:\/\/cdnoticias.com\/index.php\/wp-json\/wp\/v2\/posts\/141315","targetHints":{"allow":["GET"]}}],"collection":[{"href":"https:\/\/cdnoticias.com\/index.php\/wp-json\/wp\/v2\/posts"}],"about":[{"href":"https:\/\/cdnoticias.com\/index.php\/wp-json\/wp\/v2\/types\/post"}],"author":[{"embeddable":true,"href":"https:\/\/cdnoticias.com\/index.php\/wp-json\/wp\/v2\/users\/96739694"}],"replies":[{"embeddable":true,"href":"https:\/\/cdnoticias.com\/index.php\/wp-json\/wp\/v2\/comments?post=141315"}],"version-history":[{"count":0,"href":"https:\/\/cdnoticias.com\/index.php\/wp-json\/wp\/v2\/posts\/141315\/revisions"}],"wp:featuredmedia":[{"embeddable":true,"href":"https:\/\/cdnoticias.com\/index.php\/wp-json\/wp\/v2\/media\/147049"}],"wp:attachment":[{"href":"https:\/\/cdnoticias.com\/index.php\/wp-json\/wp\/v2\/media?parent=141315"}],"wp:term":[{"taxonomy":"category","embeddable":true,"href":"https:\/\/cdnoticias.com\/index.php\/wp-json\/wp\/v2\/categories?post=141315"},{"taxonomy":"post_tag","embeddable":true,"href":"https:\/\/cdnoticias.com\/index.php\/wp-json\/wp\/v2\/tags?post=141315"}],"curies":[{"name":"wp","href":"https:\/\/api.w.org\/{rel}","templated":true}]}}