{"id":141314,"date":"2022-02-18T15:16:38","date_gmt":"2022-02-18T18:16:38","guid":{"rendered":"http:\/\/centraldeportes.com.ar\/?p=11750"},"modified":"2025-02-02T11:19:01","modified_gmt":"2025-02-02T14:19:01","slug":"oscar-tito-gonzalez-es-el-nuevo-director-de-gestion-deportiva","status":"publish","type":"post","link":"https:\/\/cdnoticias.com\/index.php\/2022\/02\/18\/oscar-tito-gonzalez-es-el-nuevo-director-de-gestion-deportiva\/","title":{"rendered":"Oscar \u201cTito\u201d Gonz\u00e1lez es el nuevo Director de Gesti\u00f3n Deportiva"},"content":{"rendered":"<p>Oscar \u201cTito\u201d Gonzalez es el nuevo Director de Gesti\u00f3n Deportiva del Municipio.<!--more--><\/p>\n<hr \/>\n<p>&nbsp;<\/p>\n<p>En la jornada de este viernes se confirm\u00f3 el reemplazo de Marcelo Verna a la Direcci\u00f3n de Gesti\u00f3n Deportiva de la Municipalidad de Olavarr\u00eda.<\/p>\n<p>&nbsp;<\/p>\n<p>El profesor \u201cTito\u201d Gonz\u00e1lez, que se desempe\u00f1a desde hace una gran cantidad de a\u00f1os en el \u00e1rea, mantuvo un encuentro con el intendente Ezequiel Galli, el secretario de Desarrollo Humano y Calidad de Vida Diego Robbiani y el subsecretario de Deportes y Recreaci\u00f3n Juan Agust\u00edn Galli.<\/p>\n<p>&nbsp;<\/p>\n<p><em>\u201cSi bien ya formaba parte de nuestro equipo, es una alegr\u00eda enorme que Tito sea el Director de Gesti\u00f3n Deportiva porque para esta gesti\u00f3n el deporte es prioridad\u201d,<\/em> sostuvo el intendente Ezequiel Galli.<\/p>\n<p>&nbsp;<\/p>\n<p>Adem\u00e1s, agreg\u00f3 que <em>\u201cTito cuenta con una enorme experiencia y es reconocido en el \u00e1mbito deportivo. Estamos trabajando mucho con la Pista de Atletismo, el edificio del Instituto de Educaci\u00f3n F\u00edsica y necesitamos personas con capacidad y compromiso\u201d.<\/em><\/p>\n<p>&nbsp;<\/p>\n<p><em>\u201cNo quiero dejar de destacar el trabajo que hizo Marcelo Verna cuando estuvo a cargo de la Direcci\u00f3n con una enorme dedicaci\u00f3n y esfuerzo\u201d,<\/em> concluy\u00f3.<\/p>\n","protected":false},"excerpt":{"rendered":"<p>Oscar \u201cTito\u201d Gonzalez es el nuevo Director de Gesti\u00f3n Deportiva del Municipio.<\/p>\n","protected":false},"author":96739694,"featured_media":147051,"comment_status":"closed","ping_status":"closed","sticky":false,"template":"","format":"standard","meta":{"_jetpack_memberships_contains_paid_content":false,"footnotes":""},"categories":[30,1],"tags":[],"class_list":["post-141314","post","type-post","status-publish","format-standard","has-post-thumbnail","hentry","category-polideportivo","category-portada"],"jetpack_featured_media_url":"https:\/\/i0.wp.com\/cdnoticias.com\/wp-content\/uploads\/2022\/02\/Deportes-Director-Deportes-1024x682.jpg?fit=1024%2C682&ssl=1","jetpack_sharing_enabled":true,"_links":{"self":[{"href":"https:\/\/cdnoticias.com\/index.php\/wp-json\/wp\/v2\/posts\/141314","targetHints":{"allow":["GET"]}}],"collection":[{"href":"https:\/\/cdnoticias.com\/index.php\/wp-json\/wp\/v2\/posts"}],"about":[{"href":"https:\/\/cdnoticias.com\/index.php\/wp-json\/wp\/v2\/types\/post"}],"author":[{"embeddable":true,"href":"https:\/\/cdnoticias.com\/index.php\/wp-json\/wp\/v2\/users\/96739694"}],"replies":[{"embeddable":true,"href":"https:\/\/cdnoticias.com\/index.php\/wp-json\/wp\/v2\/comments?post=141314"}],"version-history":[{"count":0,"href":"https:\/\/cdnoticias.com\/index.php\/wp-json\/wp\/v2\/posts\/141314\/revisions"}],"wp:featuredmedia":[{"embeddable":true,"href":"https:\/\/cdnoticias.com\/index.php\/wp-json\/wp\/v2\/media\/147051"}],"wp:attachment":[{"href":"https:\/\/cdnoticias.com\/index.php\/wp-json\/wp\/v2\/media?parent=141314"}],"wp:term":[{"taxonomy":"category","embeddable":true,"href":"https:\/\/cdnoticias.com\/index.php\/wp-json\/wp\/v2\/categories?post=141314"},{"taxonomy":"post_tag","embeddable":true,"href":"https:\/\/cdnoticias.com\/index.php\/wp-json\/wp\/v2\/tags?post=141314"}],"curies":[{"name":"wp","href":"https:\/\/api.w.org\/{rel}","templated":true}]}}