{"id":141302,"date":"2022-02-17T12:33:07","date_gmt":"2022-02-17T15:33:07","guid":{"rendered":"http:\/\/centraldeportes.com.ar\/?p=11595"},"modified":"2025-02-02T11:19:25","modified_gmt":"2025-02-02T14:19:25","slug":"ludmila-posse-se-subio-al-podio-en-la-vuelta-del-porvenir","status":"publish","type":"post","link":"https:\/\/cdnoticias.com\/index.php\/2022\/02\/17\/ludmila-posse-se-subio-al-podio-en-la-vuelta-del-porvenir\/","title":{"rendered":"Ludmila Posse se subi\u00f3 al podio en la Vuelta del Porvenir"},"content":{"rendered":"<p>Ludmila Posse logr\u00f3 una buena actuaci\u00f3n en la Vuelta del Porvenir que tuvo lugar entre s\u00e1bado y domingo y logr\u00f3 subirse al podio en las dos etapas.<!--more--><\/p>\n<hr \/>\n<p>La competencia que cont\u00f3 con 2 etapas tuvo como ganadora a Eliana Tocha del equipoWeber Ladies Power. La oriunda de Pehuaj\u00f3 y de 16 a\u00f1os gan\u00f3 la primera distancia y en la segunda arrib\u00f3 en la segunda colocaci\u00f3n para quedase con el t\u00edtulo.<\/p>\n<p>&nbsp;<\/p>\n<p>Ludmila Posse, por su parte, termin\u00f3 la primera distancia de 97 kil\u00f3metros como l\u00edder de la categor\u00eda Sub23 y el domingo, entre las 77 deportistas logr\u00f3 completar los 70K para ser segunda en la general de la categor\u00eda.<\/p>\n<p>&nbsp;<\/p>\n<p>Gran resultado para la olavarriense que en los dos d\u00edas de competencia por las rutas de San Luis logr\u00f3 subirse al podio de la categor\u00eda Sub23 y regres\u00f3 con su distinci\u00f3n.<\/p>\n","protected":false},"excerpt":{"rendered":"<p>Ludmila Posse logr\u00f3 una buena actuaci\u00f3n en la Vuelta del Porvenir que tuvo lugar entre s\u00e1bado y domingo y logr\u00f3<\/p>\n","protected":false},"author":96739694,"featured_media":147065,"comment_status":"closed","ping_status":"closed","sticky":false,"template":"","format":"standard","meta":{"_jetpack_memberships_contains_paid_content":false,"footnotes":""},"categories":[30,1],"tags":[],"class_list":["post-141302","post","type-post","status-publish","format-standard","has-post-thumbnail","hentry","category-polideportivo","category-portada"],"jetpack_featured_media_url":"https:\/\/i0.wp.com\/cdnoticias.com\/wp-content\/uploads\/2022\/02\/ciclismo.png?fit=800%2C445&ssl=1","jetpack_sharing_enabled":true,"_links":{"self":[{"href":"https:\/\/cdnoticias.com\/index.php\/wp-json\/wp\/v2\/posts\/141302","targetHints":{"allow":["GET"]}}],"collection":[{"href":"https:\/\/cdnoticias.com\/index.php\/wp-json\/wp\/v2\/posts"}],"about":[{"href":"https:\/\/cdnoticias.com\/index.php\/wp-json\/wp\/v2\/types\/post"}],"author":[{"embeddable":true,"href":"https:\/\/cdnoticias.com\/index.php\/wp-json\/wp\/v2\/users\/96739694"}],"replies":[{"embeddable":true,"href":"https:\/\/cdnoticias.com\/index.php\/wp-json\/wp\/v2\/comments?post=141302"}],"version-history":[{"count":0,"href":"https:\/\/cdnoticias.com\/index.php\/wp-json\/wp\/v2\/posts\/141302\/revisions"}],"wp:featuredmedia":[{"embeddable":true,"href":"https:\/\/cdnoticias.com\/index.php\/wp-json\/wp\/v2\/media\/147065"}],"wp:attachment":[{"href":"https:\/\/cdnoticias.com\/index.php\/wp-json\/wp\/v2\/media?parent=141302"}],"wp:term":[{"taxonomy":"category","embeddable":true,"href":"https:\/\/cdnoticias.com\/index.php\/wp-json\/wp\/v2\/categories?post=141302"},{"taxonomy":"post_tag","embeddable":true,"href":"https:\/\/cdnoticias.com\/index.php\/wp-json\/wp\/v2\/tags?post=141302"}],"curies":[{"name":"wp","href":"https:\/\/api.w.org\/{rel}","templated":true}]}}