{"id":141297,"date":"2022-02-15T20:31:12","date_gmt":"2022-02-15T23:31:12","guid":{"rendered":"http:\/\/centraldeportes.com.ar\/?p=11650"},"modified":"2025-02-02T11:13:56","modified_gmt":"2025-02-02T14:13:56","slug":"la-agrupacion-de-padel-dirigira-la-acop","status":"publish","type":"post","link":"https:\/\/cdnoticias.com\/index.php\/2022\/02\/15\/la-agrupacion-de-padel-dirigira-la-acop\/","title":{"rendered":"La Agrupaci\u00f3n de P\u00e1del dirigir\u00e1 la ACOP"},"content":{"rendered":"<p>En los \u00faltimos d\u00edas trascendi\u00f3 que la Asociaci\u00f3n Civil Olavarriense de P\u00e1del tendr\u00e1 nueva Comisi\u00f3n Directiva desde el pr\u00f3ximo mes de marzo.<!--more--><\/p>\n<hr \/>\n<p>Ezequiel Bruni es el nuevo presidente de ACOP, por lo que qued\u00f3 establecido que la asociaci\u00f3n civil y la Agrupaci\u00f3n de P\u00e1del -fundada meses atr\u00e1s- quedar\u00e1n \u201cfusionadas\u201d.<\/p>\n<p>&nbsp;<\/p>\n<p>El comunicado oficial: \u201c<em>Tenemos el agrado de comunicarles que luego de varios meses de trabajo, hemos presentado en los meses anteriores una lista para conformar ACOP (Asociaci\u00f3n Civil Olavarriense de P\u00e1del). Desde APO hemos realizado durante el a\u00f1o 2021\/22 dos circuitos donde los jugadores nos han acompa\u00f1ado de forma incre\u00edble, y creemos en seguir trabajando siempre por nuestro deporte.<\/em><\/p>\n<p><em>A partir de la fecha fusionaremos APO y ACOP para seguir en b\u00fasqueda del progreso del p\u00e1del ofreciendo al jugador mejores condiciones y un circuito serio.<\/em><\/p>\n<p><em>La lista de ACOP se encuentra conformada por:<\/em><\/p>\n<p><em>Presidente: Bruni, Ezequiel<\/em><\/p>\n<p><em>Vicepresidente: Olivera, Paola<\/em><\/p>\n<p><em>Secretario: Reyes, Gabriel<\/em><\/p>\n<p><em>Pro Secretario: Gonz\u00e1lez Fresta, Sebasti\u00e1n<\/em><\/p>\n<p><em>Tesorero: Grecco, Ezequiel<\/em><\/p>\n<p><em>Pro Tesorero: Barsi, Santiago<\/em><\/p>\n<p><em>Vocal Titular: Squillaci, Luz<\/em><\/p>\n<p><em>Iturregui, Nicol\u00e1s<\/em><\/p>\n<p><em>Carro, Lucas<\/em><\/p>\n<p><em>Vocal Suplente: Reyes, Bruno<\/em><\/p>\n<p><em>Nanton, Nandor<\/em><\/p>\n<p><em>Revisor de cuenta: Guanuco, Macarena<\/em><\/p>\n<p><em>Gonz\u00e1lez Fresta, Ezequiel<\/em>\u201d<\/p>\n","protected":false},"excerpt":{"rendered":"<p>En los \u00faltimos d\u00edas trascendi\u00f3 que la Asociaci\u00f3n Civil Olavarriense de P\u00e1del tendr\u00e1 nueva Comisi\u00f3n Directiva desde el pr\u00f3ximo mes<\/p>\n","protected":false},"author":96739694,"featured_media":146982,"comment_status":"closed","ping_status":"closed","sticky":false,"template":"","format":"standard","meta":{"_jetpack_memberships_contains_paid_content":false,"footnotes":""},"categories":[30,1],"tags":[],"class_list":["post-141297","post","type-post","status-publish","format-standard","has-post-thumbnail","hentry","category-polideportivo","category-portada"],"jetpack_featured_media_url":"https:\/\/i0.wp.com\/cdnoticias.com\/wp-content\/uploads\/2022\/02\/apo.png?fit=800%2C445&ssl=1","jetpack_sharing_enabled":true,"_links":{"self":[{"href":"https:\/\/cdnoticias.com\/index.php\/wp-json\/wp\/v2\/posts\/141297","targetHints":{"allow":["GET"]}}],"collection":[{"href":"https:\/\/cdnoticias.com\/index.php\/wp-json\/wp\/v2\/posts"}],"about":[{"href":"https:\/\/cdnoticias.com\/index.php\/wp-json\/wp\/v2\/types\/post"}],"author":[{"embeddable":true,"href":"https:\/\/cdnoticias.com\/index.php\/wp-json\/wp\/v2\/users\/96739694"}],"replies":[{"embeddable":true,"href":"https:\/\/cdnoticias.com\/index.php\/wp-json\/wp\/v2\/comments?post=141297"}],"version-history":[{"count":0,"href":"https:\/\/cdnoticias.com\/index.php\/wp-json\/wp\/v2\/posts\/141297\/revisions"}],"wp:featuredmedia":[{"embeddable":true,"href":"https:\/\/cdnoticias.com\/index.php\/wp-json\/wp\/v2\/media\/146982"}],"wp:attachment":[{"href":"https:\/\/cdnoticias.com\/index.php\/wp-json\/wp\/v2\/media?parent=141297"}],"wp:term":[{"taxonomy":"category","embeddable":true,"href":"https:\/\/cdnoticias.com\/index.php\/wp-json\/wp\/v2\/categories?post=141297"},{"taxonomy":"post_tag","embeddable":true,"href":"https:\/\/cdnoticias.com\/index.php\/wp-json\/wp\/v2\/tags?post=141297"}],"curies":[{"name":"wp","href":"https:\/\/api.w.org\/{rel}","templated":true}]}}