{"id":141293,"date":"2022-02-15T12:07:29","date_gmt":"2022-02-15T15:07:29","guid":{"rendered":"http:\/\/centraldeportes.com.ar\/?p=11626"},"modified":"2025-02-02T11:14:56","modified_gmt":"2025-02-02T14:14:56","slug":"ferro-se-quedo-sin-dt-romanello-dejo-su-cargo","status":"publish","type":"post","link":"https:\/\/cdnoticias.com\/index.php\/2022\/02\/15\/ferro-se-quedo-sin-dt-romanello-dejo-su-cargo\/","title":{"rendered":"Ferro se qued\u00f3 sin DT: Romanello dej\u00f3 su cargo"},"content":{"rendered":"<p>Tras ser eliminado el pasado domingo del Torneo Regional Amateur, Ferro qued\u00f3 sin director t\u00e9cnico ya que se conoci\u00f3 el alejamiento de Gustavo Romanello.<\/p>\n<p><!--more--><\/p>\n<hr \/>\n<p>Gustavo Romanello, el DT que llev\u00f3 a Ferro a la definici\u00f3n de la Regi\u00f3n Pampeana Sur renunci\u00f3 tras la eliminaci\u00f3n.<\/p>\n<p>&nbsp;<\/p>\n<p>El &#8220;Carbonero&#8221; perdi\u00f3 el pasado domingo ante Liniers, qued\u00f3 sin posibilidades de ascenso y desde las \u00faltimas horas del lunes qued\u00f3 tambi\u00e9n sin entrenador tras el alejamiento de Romanello.<\/p>\n<p>&nbsp;<\/p>\n<p>El profesional culmin\u00f3 su segundo ciclo en la entidad con 3 victorias, 8 empates y una sola derrota.<\/p>\n<p>&nbsp;<\/p>\n<p>La Comisi\u00f3n Directiva trabaja por estas horas en contratar a su reemplazante de cara al inminente inicio del Torneo Clausura y posteriormente al certamen en conjunto con las Ligas de Laprida y Bol\u00edvar.<\/p>\n","protected":false},"excerpt":{"rendered":"<p>Tras ser eliminado el pasado domingo del Torneo Regional Amateur, Ferro qued\u00f3 sin director t\u00e9cnico ya que se conoci\u00f3 el<\/p>\n","protected":false},"author":96739694,"featured_media":144334,"comment_status":"closed","ping_status":"closed","sticky":false,"template":"","format":"standard","meta":{"_jetpack_memberships_contains_paid_content":false,"footnotes":""},"categories":[35,1,54],"tags":[],"class_list":["post-141293","post","type-post","status-publish","format-standard","has-post-thumbnail","hentry","category-futbol","category-portada","category-torneo-regional-amateur"],"jetpack_featured_media_url":"https:\/\/i0.wp.com\/cdnoticias.com\/wp-content\/uploads\/2021\/10\/romanello.jpg?fit=800%2C533&ssl=1","jetpack_sharing_enabled":true,"_links":{"self":[{"href":"https:\/\/cdnoticias.com\/index.php\/wp-json\/wp\/v2\/posts\/141293","targetHints":{"allow":["GET"]}}],"collection":[{"href":"https:\/\/cdnoticias.com\/index.php\/wp-json\/wp\/v2\/posts"}],"about":[{"href":"https:\/\/cdnoticias.com\/index.php\/wp-json\/wp\/v2\/types\/post"}],"author":[{"embeddable":true,"href":"https:\/\/cdnoticias.com\/index.php\/wp-json\/wp\/v2\/users\/96739694"}],"replies":[{"embeddable":true,"href":"https:\/\/cdnoticias.com\/index.php\/wp-json\/wp\/v2\/comments?post=141293"}],"version-history":[{"count":0,"href":"https:\/\/cdnoticias.com\/index.php\/wp-json\/wp\/v2\/posts\/141293\/revisions"}],"wp:featuredmedia":[{"embeddable":true,"href":"https:\/\/cdnoticias.com\/index.php\/wp-json\/wp\/v2\/media\/144334"}],"wp:attachment":[{"href":"https:\/\/cdnoticias.com\/index.php\/wp-json\/wp\/v2\/media?parent=141293"}],"wp:term":[{"taxonomy":"category","embeddable":true,"href":"https:\/\/cdnoticias.com\/index.php\/wp-json\/wp\/v2\/categories?post=141293"},{"taxonomy":"post_tag","embeddable":true,"href":"https:\/\/cdnoticias.com\/index.php\/wp-json\/wp\/v2\/tags?post=141293"}],"curies":[{"name":"wp","href":"https:\/\/api.w.org\/{rel}","templated":true}]}}