{"id":141288,"date":"2022-02-14T19:51:25","date_gmt":"2022-02-14T22:51:25","guid":{"rendered":"http:\/\/centraldeportes.com.ar\/?p=11610"},"modified":"2025-02-02T11:15:11","modified_gmt":"2025-02-02T14:15:11","slug":"la-academia-open-tenis-fue-presentada-en-el-fortin","status":"publish","type":"post","link":"https:\/\/cdnoticias.com\/index.php\/2022\/02\/14\/la-academia-open-tenis-fue-presentada-en-el-fortin\/","title":{"rendered":"La Academia \u201cOpen Tenis\u201d fue presentada en El Fort\u00edn"},"content":{"rendered":"<p>Este lunes se realiz\u00f3 el lanzamiento de la Academia \u201cOpen Tenis\u201d en el Club El Fort\u00edn a trav\u00e9s de una conferencia de prensa que encabezaron Mart\u00edn Ru\u00edz D\u00edaz, Bernardo Barzola impulsores del proyecto y Carlos Veneciano, presidente de la entidad.<!--more--><\/p>\n<hr \/>\n<p>Carlos Veneciano tras dar el mensaje de bienvenida, aclar\u00f3 que los profesores \u201c<em>nos van a acompa\u00f1ar en un proyecto que esperemos puedan lograr<\/em>\u201d y aclar\u00f3 que la llegada de la Academia a los courts \u201cFortineros\u201d se debi\u00f3 al trabajo de la Subcomisi\u00f3n de Tenis encabezada por Cristian Russo que dijo: \u201c<em>Vamos a trabajar en conjunto para que sea realmente una academia, destinado a muchos chicos<\/em>\u201d.<\/p>\n<p>&nbsp;<\/p>\n<p>La Academia estar\u00e1 dirigida por Mart\u00edn Ru\u00edz D\u00edaz y Bernardo Barzola y tendr\u00e1n en esta etapa en El Fort\u00edn el apoyo de Mariela Visotto que se har\u00e1 cargo de las categor\u00edas m\u00e1s peque\u00f1as y con un equipo interdisciplinario destinado a los deportistas pero tambi\u00e9n a las familias.<\/p>\n<p>&nbsp;<\/p>\n<p>\u201c<em>Todo lo que envuelve al tenis requiere el esfuerzo de los padres. Hasta que llegas al nivel que los padres no pueden m\u00e1s<\/em>\u201d, dijo Bernardo Barzola y aclar\u00f3 que es por ese motivo que pensaron en una cooperadora para solventar gastos para las competencias que creen que empezar\u00e1n en julio.<\/p>\n<p>&nbsp;<\/p>\n<p>\u201c<em>Llegamos a un club predispuesto que acept\u00f3 un proyecto que venimos pensando desde hace a\u00f1os, que empezamos en Racing y continuamos hoy en El Fort\u00edn que confi\u00f3 en que nosotros tenemos ganas de triunfar<\/em>\u201d, asegur\u00f3 Ru\u00edz D\u00edaz, pero a la par asegur\u00f3 que \u201c<em>nadie se va a quedar sin jugar al tenis, la Academia est\u00e1 abierta a todos los ni\u00f1os de 4 a 14 a\u00f1os<\/em>\u201d.<\/p>\n<p>&nbsp;<\/p>\n<p>Adem\u00e1s, entre los profesores aclararon que el trabajo que se realiza en la Academia \u201c<em>son 4 o 5 horas por d\u00eda y ya est\u00e1 abierta para todos los que se quieran sumar<\/em>\u201d.<\/p>\n","protected":false},"excerpt":{"rendered":"<p>Este lunes se realiz\u00f3 el lanzamiento de la Academia \u201cOpen Tenis\u201d en el Club El Fort\u00edn a trav\u00e9s de una<\/p>\n","protected":false},"author":96739694,"featured_media":147007,"comment_status":"closed","ping_status":"closed","sticky":false,"template":"","format":"standard","meta":{"_jetpack_memberships_contains_paid_content":false,"footnotes":""},"categories":[30,1],"tags":[],"class_list":["post-141288","post","type-post","status-publish","format-standard","has-post-thumbnail","hentry","category-polideportivo","category-portada"],"jetpack_featured_media_url":"https:\/\/i0.wp.com\/cdnoticias.com\/wp-content\/uploads\/2022\/02\/WhatsApp-Image-2022-02-14-at-19.29.40.jpeg?fit=1280%2C853&ssl=1","jetpack_sharing_enabled":true,"_links":{"self":[{"href":"https:\/\/cdnoticias.com\/index.php\/wp-json\/wp\/v2\/posts\/141288","targetHints":{"allow":["GET"]}}],"collection":[{"href":"https:\/\/cdnoticias.com\/index.php\/wp-json\/wp\/v2\/posts"}],"about":[{"href":"https:\/\/cdnoticias.com\/index.php\/wp-json\/wp\/v2\/types\/post"}],"author":[{"embeddable":true,"href":"https:\/\/cdnoticias.com\/index.php\/wp-json\/wp\/v2\/users\/96739694"}],"replies":[{"embeddable":true,"href":"https:\/\/cdnoticias.com\/index.php\/wp-json\/wp\/v2\/comments?post=141288"}],"version-history":[{"count":0,"href":"https:\/\/cdnoticias.com\/index.php\/wp-json\/wp\/v2\/posts\/141288\/revisions"}],"wp:featuredmedia":[{"embeddable":true,"href":"https:\/\/cdnoticias.com\/index.php\/wp-json\/wp\/v2\/media\/147007"}],"wp:attachment":[{"href":"https:\/\/cdnoticias.com\/index.php\/wp-json\/wp\/v2\/media?parent=141288"}],"wp:term":[{"taxonomy":"category","embeddable":true,"href":"https:\/\/cdnoticias.com\/index.php\/wp-json\/wp\/v2\/categories?post=141288"},{"taxonomy":"post_tag","embeddable":true,"href":"https:\/\/cdnoticias.com\/index.php\/wp-json\/wp\/v2\/tags?post=141288"}],"curies":[{"name":"wp","href":"https:\/\/api.w.org\/{rel}","templated":true}]}}