{"id":141287,"date":"2022-02-14T16:39:53","date_gmt":"2022-02-14T19:39:53","guid":{"rendered":"http:\/\/centraldeportes.com.ar\/?p=11601"},"modified":"2025-02-02T11:15:15","modified_gmt":"2025-02-02T14:15:15","slug":"mateo-castagno-hicimos-un-planteo-realmente-muy-bueno","status":"publish","type":"post","link":"https:\/\/cdnoticias.com\/index.php\/2022\/02\/14\/mateo-castagno-hicimos-un-planteo-realmente-muy-bueno\/","title":{"rendered":"Mateo Castagno: \u201cHicimos un planteo realmente muy bueno\u201d"},"content":{"rendered":"<p>Luego del triunfo ante Estudiantes de La Plata por 85 a 78 en la noche del viernes, el ala-p\u00edvot de Racing brind\u00f3 sus declaraciones post-partido.<!--more--><\/p>\n<hr \/>\n<p>El conjunto dirigido por Mat\u00edas Orlando comenz\u00f3 de la mejor manera su camino por la Liga Federal. El pasado viernes <a href=\"http:\/\/centraldeportes.com.ar\/el-chaira-sigue-a-paso-firme-en-la-liga-federal\/\">se impuso<\/a> ante Estudiantes en el \u201cParque Olavarr\u00eda\u201d, <strong>cosech\u00f3 su tercer triunfo consecutivo y es l\u00edder de la Regi\u00f3n Bonaerense<\/strong>. A prop\u00f3sito, una de las caras nuevas de Racing para esta temporada habl\u00f3 con la prensa y cont\u00f3 sus sensaciones.<\/p>\n<p>&nbsp;<\/p>\n<p>\u201c<em><strong>Hicimos un planteo realmente muy bueno<\/strong>, en el primer tiempo pudimos plasmarlo de la mejor manera y luego en la segunda mitad nos complicaron bastante por lo que tuvimos que modificar varias cosas\u201d<\/em>, comenz\u00f3 explicando el correntino luego del triunfo ante el \u201cpincha\u201d y agreg\u00f3: <em>\u201c<strong>El entrenador lee todos los conceptos, pudimos solucionar esos problemas y nos pudimos llevar la victoria<\/strong>\u201d.<\/em><\/p>\n<p>&nbsp;<\/p>\n<p>Por otro lado, Castagno se refiri\u00f3 a lo que le falta pulir al \u201cchaira\u201d en el funcionamiento del equipo y sostuvo: <em>\u201c<strong>Nos falta trabajar m\u00e1s en la constancia de juego y la diferencia de puntos a lo largo de los partidos<\/strong> para que no nos vuelva a suceder lo mismo\u201d<\/em>, explic\u00f3 respecto a los segundos tiempos jugados ante Independiente en Tandil y Estudiantes, y continu\u00f3: <em>\u201c<strong>La idea es mantener la local\u00eda firme<\/strong> y llevarnos la mayor cantidad de puntos afuera\u201d.<\/em><\/p>\n<p>&nbsp;<\/p>\n\n<p>&nbsp;<\/p>\n<p><em>\u201cLa gente es excelente. Un poco nervioso a veces porque <strong>es una responsabilidad defender a la instituci\u00f3n y representarla de la mejor manera<\/strong>, pero me siento muy c\u00f3modo por el cari\u00f1o de la gente hacia el equipo y por la confianza del entrenador\u201d<\/em>, cont\u00f3 el juvenil sobre sus primeros partidos defendiendo la camiseta \u201cchaira\u201d y luego de contribuir con <strong>5 puntos, 8 rebotes y 3 recuperaciones <\/strong>en el festejo ante Estudiantes de La Plata.<\/p>\n<p>&nbsp;<\/p>\n<p><em>\u201cTenemos una semana larga para descansar, seguir trabajando en lo que nos falta pulir y preparar el partido para llegar de la mejor manera al duelo con Col\u00f3n\u201d<\/em>, concluy\u00f3 el ex San Mart\u00edn de Corrientes quien palpit\u00f3 el pr\u00f3ximo compromiso de Racing en la Liga Federal. <strong>El encuentro ser\u00e1 nuevamente en el gimnasio del Parque Olavarr\u00eda ante Col\u00f3n de Chivilcoy el domingo 20 de febrero.<\/strong><\/p>\n","protected":false},"excerpt":{"rendered":"<p>Luego del triunfo ante Estudiantes de La Plata por 85 a 78 en la noche del viernes, el ala-p\u00edvot de<\/p>\n","protected":false},"author":96739694,"featured_media":0,"comment_status":"closed","ping_status":"closed","sticky":false,"template":"","format":"standard","meta":{"_jetpack_memberships_contains_paid_content":false,"footnotes":""},"categories":[31,1,57],"tags":[],"class_list":["post-141287","post","type-post","status-publish","format-standard","hentry","category-basquet","category-portada","category-torneo-federal"],"jetpack_featured_media_url":"","jetpack_sharing_enabled":true,"_links":{"self":[{"href":"https:\/\/cdnoticias.com\/index.php\/wp-json\/wp\/v2\/posts\/141287","targetHints":{"allow":["GET"]}}],"collection":[{"href":"https:\/\/cdnoticias.com\/index.php\/wp-json\/wp\/v2\/posts"}],"about":[{"href":"https:\/\/cdnoticias.com\/index.php\/wp-json\/wp\/v2\/types\/post"}],"author":[{"embeddable":true,"href":"https:\/\/cdnoticias.com\/index.php\/wp-json\/wp\/v2\/users\/96739694"}],"replies":[{"embeddable":true,"href":"https:\/\/cdnoticias.com\/index.php\/wp-json\/wp\/v2\/comments?post=141287"}],"version-history":[{"count":0,"href":"https:\/\/cdnoticias.com\/index.php\/wp-json\/wp\/v2\/posts\/141287\/revisions"}],"wp:attachment":[{"href":"https:\/\/cdnoticias.com\/index.php\/wp-json\/wp\/v2\/media?parent=141287"}],"wp:term":[{"taxonomy":"category","embeddable":true,"href":"https:\/\/cdnoticias.com\/index.php\/wp-json\/wp\/v2\/categories?post=141287"},{"taxonomy":"post_tag","embeddable":true,"href":"https:\/\/cdnoticias.com\/index.php\/wp-json\/wp\/v2\/tags?post=141287"}],"curies":[{"name":"wp","href":"https:\/\/api.w.org\/{rel}","templated":true}]}}