{"id":141286,"date":"2022-02-14T16:06:58","date_gmt":"2022-02-14T19:06:58","guid":{"rendered":"http:\/\/centraldeportes.com.ar\/?p=11597"},"modified":"2025-02-02T11:15:15","modified_gmt":"2025-02-02T14:15:15","slug":"teritos-sortearon-con-exito-las-pruebas-de-agropecuario","status":"publish","type":"post","link":"https:\/\/cdnoticias.com\/index.php\/2022\/02\/14\/teritos-sortearon-con-exito-las-pruebas-de-agropecuario\/","title":{"rendered":"\u201cTeritos\u201d sortearon con \u00e9xito las pruebas de Agropecuario"},"content":{"rendered":"<p>Cuatro futbolistas surgidos en Embajadores fueron seleccionados por Agropecuario de Carlos Casares para continuar con su formaci\u00f3n en el \u201cSojero\u201d.<!--more--><\/p>\n<hr \/>\n<p>Bautista Olivera (categor\u00eda 2005), Tom\u00e1s Valderrey, Joaqu\u00edn Corrales y Sebasti\u00e1n Castro (categor\u00edas 2007) fueron elegidos por la entidad de Carlos Casares tras sortear con \u00e9xito una prueba de captaci\u00f3n que comenz\u00f3 en octubre de 2021 y finaliz\u00f3 d\u00edas atr\u00e1s con una nueva instancia de observaci\u00f3n por parte de los profesionales.<\/p>\n<p>&nbsp;<\/p>\n<p>Sin embargo, trascendi\u00f3 que a pesar de haber sido elegidos, Corrales y Castro pusieron en duda su viaje por el momento, no as\u00ed Olivera y Valderrey que se sumaron a los entrenamientos en la jornada de este lunes.<\/p>\n","protected":false},"excerpt":{"rendered":"<p>Cuatro futbolistas surgidos en Embajadores fueron seleccionados por Agropecuario de Carlos Casares para continuar con su formaci\u00f3n en el \u201cSojero\u201d.<\/p>\n","protected":false},"author":96739694,"featured_media":147010,"comment_status":"closed","ping_status":"closed","sticky":false,"template":"","format":"standard","meta":{"_jetpack_memberships_contains_paid_content":false,"footnotes":""},"categories":[35,40,1],"tags":[],"class_list":["post-141286","post","type-post","status-publish","format-standard","has-post-thumbnail","hentry","category-futbol","category-inferiores","category-portada"],"jetpack_featured_media_url":"https:\/\/i0.wp.com\/cdnoticias.com\/wp-content\/uploads\/2022\/02\/WhatsApp-Image-2022-02-14-at-16.06.16.jpeg?fit=800%2C445&ssl=1","jetpack_sharing_enabled":true,"_links":{"self":[{"href":"https:\/\/cdnoticias.com\/index.php\/wp-json\/wp\/v2\/posts\/141286","targetHints":{"allow":["GET"]}}],"collection":[{"href":"https:\/\/cdnoticias.com\/index.php\/wp-json\/wp\/v2\/posts"}],"about":[{"href":"https:\/\/cdnoticias.com\/index.php\/wp-json\/wp\/v2\/types\/post"}],"author":[{"embeddable":true,"href":"https:\/\/cdnoticias.com\/index.php\/wp-json\/wp\/v2\/users\/96739694"}],"replies":[{"embeddable":true,"href":"https:\/\/cdnoticias.com\/index.php\/wp-json\/wp\/v2\/comments?post=141286"}],"version-history":[{"count":0,"href":"https:\/\/cdnoticias.com\/index.php\/wp-json\/wp\/v2\/posts\/141286\/revisions"}],"wp:featuredmedia":[{"embeddable":true,"href":"https:\/\/cdnoticias.com\/index.php\/wp-json\/wp\/v2\/media\/147010"}],"wp:attachment":[{"href":"https:\/\/cdnoticias.com\/index.php\/wp-json\/wp\/v2\/media?parent=141286"}],"wp:term":[{"taxonomy":"category","embeddable":true,"href":"https:\/\/cdnoticias.com\/index.php\/wp-json\/wp\/v2\/categories?post=141286"},{"taxonomy":"post_tag","embeddable":true,"href":"https:\/\/cdnoticias.com\/index.php\/wp-json\/wp\/v2\/tags?post=141286"}],"curies":[{"name":"wp","href":"https:\/\/api.w.org\/{rel}","templated":true}]}}