{"id":141270,"date":"2022-02-12T19:07:15","date_gmt":"2022-02-12T22:07:15","guid":{"rendered":"http:\/\/centraldeportes.com.ar\/?p=11470"},"modified":"2025-02-02T11:10:52","modified_gmt":"2025-02-02T14:10:52","slug":"tambucci-segundo-melian-tercero-y-valisi-octavo-en-el-turismo-pista","status":"publish","type":"post","link":"https:\/\/cdnoticias.com\/index.php\/2022\/02\/12\/tambucci-segundo-melian-tercero-y-valisi-octavo-en-el-turismo-pista\/","title":{"rendered":"Tambucci segundo, Melian tercero y Valisi octavo en el Turismo Pista"},"content":{"rendered":"<p>El Turismo Pista lleg\u00f3 a Olavarr\u00eda con m\u00e1s de 150 autos para disputar la primera fecha de la temporada y este s\u00e1bado se desarrollaron las series en el &#8220;Hermanos Emiliozzi&#8221;. Este domingo desde las 10:00 se corren las finales.<!--more--><\/p>\n<hr \/>\n<p>Con tres olavarrienses presentes en cada una de sus Clases, el Turismo Pista disputa la primera fecha del campeonato en el aut\u00f3dromo del Amco.<\/p>\n<p>&nbsp;<\/p>\n<p>Este s\u00e1bado se disputaron las series clasificatorias para las finales del domingo, en la divisional menor Santiago Leguizam\u00f3n se qued\u00f3 con el primer parcial en la historia de la categor\u00eda, ya que con 52 autos en Pista la Clase 1 implement\u00f3 para este a\u00f1o las series.<\/p>\n<p>&nbsp;<\/p>\n<p>La segunda bater\u00eda fue para Franco Villabrile, que domin\u00f3 con autoridad. Diego Valisi parti\u00f3 en este parcial y vio la bandera a cuadros en el octavo lugar. El hombre de Sierras Bayas hab\u00eda sufrido un problema en la clasificaci\u00f3n y s\u00f3lo pudo dar una vuelta.<\/p>\n<p>&nbsp;<\/p>\n<p>[soliloquy slug=&#8221;tp&#8221;]<\/p>\n<p>&nbsp;<\/p>\n<p>En la Clase 2 la victoria en el primer parcial fue para Alejo Cravero, segundo arrib\u00f3 Costamagna pero fue excluido por t\u00e9cnica lo que determin\u00f3 que Santiago Tambucci se adjudique la posici\u00f3n de escolta. El piloto de Sierras Bayas se mostr\u00f3 contento con el resultado y hasta emocionado con la posibilidad de lucir el 1 en los laterales ante su gente. Tambi\u00e9n asegur\u00f3 que el Celta pierde un poco en la lucha con los Volkswagen Up, por lo que aguarda que su equipo termine el nuevo auto para la segunda fecha.<\/p>\n<p>&nbsp;<\/p>\n<p>En la segunda bater\u00eda de la Clase 2 el triunfo fue para otro Up, el de Franco Fauret. El piloto de Benito Ju\u00e1rez gan\u00f3 de punta a punta.<\/p>\n<p>&nbsp;<\/p>\n<p>En la Clase 3 parti\u00f3 desde la segunda da colocaci\u00f3n Gabriel Melian, luego de ser tercero en la clasifica. El representante local en la Clase mayor arrib\u00f3 tercero tambi\u00e9n la serie, pese a que en el comienzo luch\u00f3 por los primeros lugares. A partir del tercer giro comenz\u00f3 una falla que en los sectores lentos del circuito lo complicaron, por lo que se debi\u00f3 conformar con ser tercero.<\/p>\n<p>&nbsp;<\/p>\n<p>Santiago Robledo se llev\u00f3 el parcial mientras que Tomas Vitar gan\u00f3 la segunda serie y compartir\u00e1 la primera fila de la final.<\/p>\n","protected":false},"excerpt":{"rendered":"<p>El Turismo Pista lleg\u00f3 a Olavarr\u00eda con m\u00e1s de 150 autos para disputar la primera fecha de la temporada y<\/p>\n","protected":false},"author":96739694,"featured_media":146944,"comment_status":"closed","ping_status":"closed","sticky":false,"template":"","format":"standard","meta":{"_jetpack_memberships_contains_paid_content":false,"footnotes":""},"categories":[34,1,49],"tags":[],"class_list":["post-141270","post","type-post","status-publish","format-standard","has-post-thumbnail","hentry","category-automovilismo","category-portada","category-turismo-pista"],"jetpack_featured_media_url":"https:\/\/i0.wp.com\/cdnoticias.com\/wp-content\/uploads\/2022\/02\/tambucci-turismopista.png?fit=1280%2C853&ssl=1","jetpack_sharing_enabled":true,"_links":{"self":[{"href":"https:\/\/cdnoticias.com\/index.php\/wp-json\/wp\/v2\/posts\/141270","targetHints":{"allow":["GET"]}}],"collection":[{"href":"https:\/\/cdnoticias.com\/index.php\/wp-json\/wp\/v2\/posts"}],"about":[{"href":"https:\/\/cdnoticias.com\/index.php\/wp-json\/wp\/v2\/types\/post"}],"author":[{"embeddable":true,"href":"https:\/\/cdnoticias.com\/index.php\/wp-json\/wp\/v2\/users\/96739694"}],"replies":[{"embeddable":true,"href":"https:\/\/cdnoticias.com\/index.php\/wp-json\/wp\/v2\/comments?post=141270"}],"version-history":[{"count":0,"href":"https:\/\/cdnoticias.com\/index.php\/wp-json\/wp\/v2\/posts\/141270\/revisions"}],"wp:featuredmedia":[{"embeddable":true,"href":"https:\/\/cdnoticias.com\/index.php\/wp-json\/wp\/v2\/media\/146944"}],"wp:attachment":[{"href":"https:\/\/cdnoticias.com\/index.php\/wp-json\/wp\/v2\/media?parent=141270"}],"wp:term":[{"taxonomy":"category","embeddable":true,"href":"https:\/\/cdnoticias.com\/index.php\/wp-json\/wp\/v2\/categories?post=141270"},{"taxonomy":"post_tag","embeddable":true,"href":"https:\/\/cdnoticias.com\/index.php\/wp-json\/wp\/v2\/tags?post=141270"}],"curies":[{"name":"wp","href":"https:\/\/api.w.org\/{rel}","templated":true}]}}