{"id":141268,"date":"2022-02-12T13:55:22","date_gmt":"2022-02-12T16:55:22","guid":{"rendered":"http:\/\/centraldeportes.com.ar\/?p=11463"},"modified":"2025-02-02T11:11:24","modified_gmt":"2025-02-02T14:11:24","slug":"se-vienen-las-cabinas-en-el-tete-di-carlo","status":"publish","type":"post","link":"https:\/\/cdnoticias.com\/index.php\/2022\/02\/12\/se-vienen-las-cabinas-en-el-tete-di-carlo\/","title":{"rendered":"Se vienen las cabinas en el \u201cTete Di Carlo\u201d"},"content":{"rendered":"<p>El Club Embajadores contin\u00faa con las obras en su estadio y en el transcurso de las semanas comenz\u00f3 con las obras de nuevas oficinas y cabinas para la prensa.<!--more--><\/p>\n<hr \/>\n<p>La entidad presidida por Fernando Di Carlo se encuentra realizando obras para mejorar la infraestructura de su estadio. Por esta raz\u00f3n es que se encuentran en desarrollo oficinas para brindar una mejor atenci\u00f3n en las instalaciones y tambi\u00e9n cabinas de transmisi\u00f3n para la prensa.<\/p>\n<p>&nbsp;<\/p>\n<p>La obra se construyeron a trav\u00e9s de dos contenedores y arriba ir\u00e1 la cabina de transmisi\u00f3n que contar\u00e1 con una terraza.<\/p>\n<p>&nbsp;<\/p>\n<p>Se estima que en un mes el trabajo quede finalizado y ocupe su lugar entre medio de las dos tribunas del sector local.<\/p>\n","protected":false},"excerpt":{"rendered":"<p>El Club Embajadores contin\u00faa con las obras en su estadio y en el transcurso de las semanas comenz\u00f3 con las<\/p>\n","protected":false},"author":96739694,"featured_media":146948,"comment_status":"closed","ping_status":"closed","sticky":false,"template":"","format":"standard","meta":{"_jetpack_memberships_contains_paid_content":false,"footnotes":""},"categories":[35,1],"tags":[],"class_list":["post-141268","post","type-post","status-publish","format-standard","has-post-thumbnail","hentry","category-futbol","category-portada"],"jetpack_featured_media_url":"https:\/\/i0.wp.com\/cdnoticias.com\/wp-content\/uploads\/2022\/02\/273570002_2442500262549947_6008885464199381693_n.jpg?fit=1600%2C1200&ssl=1","jetpack_sharing_enabled":true,"_links":{"self":[{"href":"https:\/\/cdnoticias.com\/index.php\/wp-json\/wp\/v2\/posts\/141268","targetHints":{"allow":["GET"]}}],"collection":[{"href":"https:\/\/cdnoticias.com\/index.php\/wp-json\/wp\/v2\/posts"}],"about":[{"href":"https:\/\/cdnoticias.com\/index.php\/wp-json\/wp\/v2\/types\/post"}],"author":[{"embeddable":true,"href":"https:\/\/cdnoticias.com\/index.php\/wp-json\/wp\/v2\/users\/96739694"}],"replies":[{"embeddable":true,"href":"https:\/\/cdnoticias.com\/index.php\/wp-json\/wp\/v2\/comments?post=141268"}],"version-history":[{"count":0,"href":"https:\/\/cdnoticias.com\/index.php\/wp-json\/wp\/v2\/posts\/141268\/revisions"}],"wp:featuredmedia":[{"embeddable":true,"href":"https:\/\/cdnoticias.com\/index.php\/wp-json\/wp\/v2\/media\/146948"}],"wp:attachment":[{"href":"https:\/\/cdnoticias.com\/index.php\/wp-json\/wp\/v2\/media?parent=141268"}],"wp:term":[{"taxonomy":"category","embeddable":true,"href":"https:\/\/cdnoticias.com\/index.php\/wp-json\/wp\/v2\/categories?post=141268"},{"taxonomy":"post_tag","embeddable":true,"href":"https:\/\/cdnoticias.com\/index.php\/wp-json\/wp\/v2\/tags?post=141268"}],"curies":[{"name":"wp","href":"https:\/\/api.w.org\/{rel}","templated":true}]}}