{"id":141265,"date":"2022-02-12T00:40:22","date_gmt":"2022-02-12T03:40:22","guid":{"rendered":"http:\/\/centraldeportes.com.ar\/?p=11424"},"modified":"2025-02-02T11:11:42","modified_gmt":"2025-02-02T14:11:42","slug":"copa-de-la-liga-gol-de-lucas-janson-en-la-victoria-de-velez","status":"publish","type":"post","link":"https:\/\/cdnoticias.com\/index.php\/2022\/02\/12\/copa-de-la-liga-gol-de-lucas-janson-en-la-victoria-de-velez\/","title":{"rendered":"Copa de la Liga: gol de Lucas Janson en la victoria de V\u00e9lez"},"content":{"rendered":"<p>V\u00e9lez comenz\u00f3 con el pie derecho su participaci\u00f3n en la Copa de Liga 2022, porque se qued\u00f3 con los tres puntos en su debut ante Aldosivi al imponerse por 2 a 0 con un gol del olavarriense Lucas Janson.<!--more--><\/p>\n<hr \/>\n<p>El modelo 2022 del equipo de Pellegrino dej\u00f3 ver en su primera presentaci\u00f3n, algunas variantes respecto a lo que ofreci\u00f3 el a\u00f1o anterior. Ante las ausencias de jugadores acostumbrados a hacer de la posesi\u00f3n la base de la estrategia ofensiva, la renovaci\u00f3n lleg\u00f3 no s\u00f3lo a trav\u00e9s de los nombres, sino tambi\u00e9n de la idea. Este parece equipo m\u00e1s vertical y menos posesivo que el anterior, donde jugar largo no es una excepci\u00f3n, sino una herramienta para saltear l\u00edneas y buscar profundidad.<\/p>\n<p>&nbsp;<\/p>\n<p>Sin embargo, el \u201cFort\u00edn\u201d debi\u00f3 esperar hasta la segunda mitad para encontrar los goles de la victoria en los pies de Lucas Orellano que abri\u00f3 el marcador a los 64\u00b4 y de Lucas Janson a los 73\u00b4.<\/p>\n<p>&nbsp;<\/p>\n<p>La paridad se rompi\u00f3 cuando Janson se hamac\u00f3 por izquierda y meti\u00f3 un centro largo, que no lleg\u00f3 a conectar Sebasti\u00e1n Sosa S\u00e1nchez y le cay\u00f3 a Orellano, que con gran categor\u00eda acomod\u00f3 para su pie zurdo y defini\u00f3 suave ante la salida del portero.<\/p>\n<p>&nbsp;<\/p>\n<p>La visita acus\u00f3 el impacto y sali\u00f3 a buscar la igualdad, pero en el tramo del encuentro en que m\u00e1s se acerc\u00f3 a Hoyos, V\u00e9lez capitaliz\u00f3 una contra y Lucas Janson rubric\u00f3 -con una bomba de derecha- una gran jugada colectiva que incluy\u00f3 a Pratto y al reci\u00e9n ingresado Jos\u00e9 Florent\u00edn. Golazo.<\/p>\n","protected":false},"excerpt":{"rendered":"<p>V\u00e9lez comenz\u00f3 con el pie derecho su participaci\u00f3n en la Copa de Liga 2022, porque se qued\u00f3 con los tres<\/p>\n","protected":false},"author":96739694,"featured_media":146955,"comment_status":"closed","ping_status":"closed","sticky":false,"template":"","format":"standard","meta":{"_jetpack_memberships_contains_paid_content":false,"footnotes":""},"categories":[35,37,1],"tags":[],"class_list":["post-141265","post","type-post","status-publish","format-standard","has-post-thumbnail","hentry","category-futbol","category-futbol-profesional","category-portada"],"jetpack_featured_media_url":"https:\/\/i0.wp.com\/cdnoticias.com\/wp-content\/uploads\/2022\/02\/02-11_uno_30.jpg?fit=1256%2C837&ssl=1","jetpack_sharing_enabled":true,"_links":{"self":[{"href":"https:\/\/cdnoticias.com\/index.php\/wp-json\/wp\/v2\/posts\/141265","targetHints":{"allow":["GET"]}}],"collection":[{"href":"https:\/\/cdnoticias.com\/index.php\/wp-json\/wp\/v2\/posts"}],"about":[{"href":"https:\/\/cdnoticias.com\/index.php\/wp-json\/wp\/v2\/types\/post"}],"author":[{"embeddable":true,"href":"https:\/\/cdnoticias.com\/index.php\/wp-json\/wp\/v2\/users\/96739694"}],"replies":[{"embeddable":true,"href":"https:\/\/cdnoticias.com\/index.php\/wp-json\/wp\/v2\/comments?post=141265"}],"version-history":[{"count":0,"href":"https:\/\/cdnoticias.com\/index.php\/wp-json\/wp\/v2\/posts\/141265\/revisions"}],"wp:featuredmedia":[{"embeddable":true,"href":"https:\/\/cdnoticias.com\/index.php\/wp-json\/wp\/v2\/media\/146955"}],"wp:attachment":[{"href":"https:\/\/cdnoticias.com\/index.php\/wp-json\/wp\/v2\/media?parent=141265"}],"wp:term":[{"taxonomy":"category","embeddable":true,"href":"https:\/\/cdnoticias.com\/index.php\/wp-json\/wp\/v2\/categories?post=141265"},{"taxonomy":"post_tag","embeddable":true,"href":"https:\/\/cdnoticias.com\/index.php\/wp-json\/wp\/v2\/tags?post=141265"}],"curies":[{"name":"wp","href":"https:\/\/api.w.org\/{rel}","templated":true}]}}