{"id":141260,"date":"2022-02-11T12:31:22","date_gmt":"2022-02-11T15:31:22","guid":{"rendered":"http:\/\/centraldeportes.com.ar\/?p=11406"},"modified":"2025-02-02T11:12:15","modified_gmt":"2025-02-02T14:12:15","slug":"racing-quiere-estirar-su-invicto-en-la-liga-federal-tenemos-que-hacer-valer-la-localia","status":"publish","type":"post","link":"https:\/\/cdnoticias.com\/index.php\/2022\/02\/11\/racing-quiere-estirar-su-invicto-en-la-liga-federal-tenemos-que-hacer-valer-la-localia\/","title":{"rendered":"Racing quiere estirar su invicto en la Liga Federal: \u201cTenemos que hacer valer la local\u00eda\u201d"},"content":{"rendered":"<p>Este viernes y por la 3\u00b0 fecha de la Liga Federal, Racing recibir\u00e1 a Estudiantes de La Plata en el choque de invictos y en la previa, Nicol\u00e1s Lorenzo habl\u00f3 con la prensa de la competencia.<!--more--><\/p>\n<hr \/>\n<p>El experimentado base de Racing A. Club de Olavarr\u00eda, habl\u00f3 sobre la actualidad del equipo, reci\u00e9n ascendido a la Liga Federal de Basquetbol y que se impuso en sus dos primeras presentaciones en el certamen.<\/p>\n<p>&nbsp;<\/p>\n<p>El proceso del \u201cChaira\u201d para llegar a donde est\u00e1 hoy no fue f\u00e1cil. Un proceso de a\u00f1os, siempre con Mat\u00edas Orlando como t\u00e9cnico, cuatro Torneos Provinciales jugados anteriormente, hasta que en el 2021, lleg\u00f3 el premio, en Jun\u00edn, Racing sali\u00f3 campe\u00f3n de forma invicta en el Final Four, con Lorenzo como MVP.<\/p>\n<p>Debido a los cortos tiempos \u201c<em>durante la pretemporada no pudimos realizar ning\u00fan amistoso, utilizamos los partidos de la Liga Local para llegar de la mejor forma al inicio<\/em>\u201d, cont\u00f3 Nicol\u00e1s Lorenzo.<\/p>\n<p>\u201c<em>El debut fue bueno, esper\u00e1bamos un partido parejo como se dio, por suerte al final pudimos marcar una diferencia y quedarnos con el partido<\/em>\u201d, cont\u00f3 Nicol\u00e1s, en base al encuentro jugado con Uni\u00f3n de Mar del Plata, por la primera fecha de la Liga Federal en la cancha de Racing que marc\u00f3 el debut hist\u00f3rico de la entidad en el b\u00e1squet nacional. Adem\u00e1s agreg\u00f3: \u201c<strong><em>El equipo estuvo concentrado, a la altura de la circunstancia y fue fundamental mantener la base<\/em><\/strong>\u201d.<\/p>\n<p>\u201c<em>En lo personal me vengo sintiendo bien, el balance es positivo<\/em>\u201d, recalc\u00f3 el base con experiencia en varios procesos. Cabe destacar que Nicol\u00e1s Lorenzo fue nombrado MVP del Final Four en Jun\u00edn, sobre eso dijo: \u201c<em>Fue un extra, el objetivo principal era el campeonato y el ascenso<\/em>, e<em>s un orgullo, poder obtenerlo y lo disfrut\u00e9 much\u00edsimo, por la edad y la trayectoria<\/em>\u201d.<\/p>\n<p>Este viernes 11 de febrero Racing recibir\u00e1 a Estudiantes de La Plata por la tercera fecha de la Liga Federal desde las 21:00 en el Parque Olavarr\u00eda y Lorenzo sostuvo que \u201c<strong><em>ambos equipos tenemos un estilo de juego, nosotros tenemos que aprovechar la local\u00eda<\/em><\/strong>\u201d, dijo y finaliz\u00f3: \u201c<em>Ellos a priori son los candidatos de la zona, pero nuestro trabajo es hacer notar sus defectos<\/em>\u201d.<\/p>\n","protected":false},"excerpt":{"rendered":"<p>Este viernes y por la 3\u00b0 fecha de la Liga Federal, Racing recibir\u00e1 a Estudiantes de La Plata en el<\/p>\n","protected":false},"author":96739694,"featured_media":0,"comment_status":"closed","ping_status":"closed","sticky":false,"template":"","format":"standard","meta":{"_jetpack_memberships_contains_paid_content":false,"footnotes":""},"categories":[31,1,57],"tags":[],"class_list":["post-141260","post","type-post","status-publish","format-standard","hentry","category-basquet","category-portada","category-torneo-federal"],"jetpack_featured_media_url":"","jetpack_sharing_enabled":true,"_links":{"self":[{"href":"https:\/\/cdnoticias.com\/index.php\/wp-json\/wp\/v2\/posts\/141260","targetHints":{"allow":["GET"]}}],"collection":[{"href":"https:\/\/cdnoticias.com\/index.php\/wp-json\/wp\/v2\/posts"}],"about":[{"href":"https:\/\/cdnoticias.com\/index.php\/wp-json\/wp\/v2\/types\/post"}],"author":[{"embeddable":true,"href":"https:\/\/cdnoticias.com\/index.php\/wp-json\/wp\/v2\/users\/96739694"}],"replies":[{"embeddable":true,"href":"https:\/\/cdnoticias.com\/index.php\/wp-json\/wp\/v2\/comments?post=141260"}],"version-history":[{"count":0,"href":"https:\/\/cdnoticias.com\/index.php\/wp-json\/wp\/v2\/posts\/141260\/revisions"}],"wp:attachment":[{"href":"https:\/\/cdnoticias.com\/index.php\/wp-json\/wp\/v2\/media?parent=141260"}],"wp:term":[{"taxonomy":"category","embeddable":true,"href":"https:\/\/cdnoticias.com\/index.php\/wp-json\/wp\/v2\/categories?post=141260"},{"taxonomy":"post_tag","embeddable":true,"href":"https:\/\/cdnoticias.com\/index.php\/wp-json\/wp\/v2\/tags?post=141260"}],"curies":[{"name":"wp","href":"https:\/\/api.w.org\/{rel}","templated":true}]}}