{"id":141235,"date":"2022-02-07T21:13:47","date_gmt":"2022-02-08T00:13:47","guid":{"rendered":"http:\/\/centraldeportes.com.ar\/?p=11298"},"modified":"2025-02-02T11:08:39","modified_gmt":"2025-02-02T14:08:39","slug":"francisco-correa-iguiniz-fue-segundo-en-chivilcoy","status":"publish","type":"post","link":"https:\/\/cdnoticias.com\/index.php\/2022\/02\/07\/francisco-correa-iguiniz-fue-segundo-en-chivilcoy\/","title":{"rendered":"Francisco Correa Igui\u00f1iz fue segundo en Chivilcoy"},"content":{"rendered":"<p>El pasado fin de semana hubo actividad en Chivilcoy para tenistas en formaci\u00f3n y Francisco Correa Igui\u00f1iz tuvo una excelente actuaci\u00f3n logrando el subcampeonato.<!--more--><\/p>\n<hr \/>\n<p>En la localidad de Chivilcoy se disput\u00f3 un Torneo de Grado 3 y tuvo la excelente participaci\u00f3n del jugador bataraz, Francisco Correa Igui\u00f1iz, quien fue subcampe\u00f3n.<\/p>\n<p>&nbsp;<\/p>\n<p>El joven jugador \u201calbinegro\u201d cay\u00f3 en la Final del torneo ante el local M\u00e1ximo Cataldi por 6\/4 y 6\/3. Su rival es con quien comparte siempre cancha para jugar dobles.<\/p>\n<p>&nbsp;<\/p>\n<p>Correa Igui\u00f1iz hab\u00eda accedido f\u00e1cilmente a la final ya que en la semifinal despach\u00f3 sin problemas a Silvano (Luj\u00e1n) por 6\/2 y 6\/0.<\/p>\n","protected":false},"excerpt":{"rendered":"<p>El pasado fin de semana hubo actividad en Chivilcoy para tenistas en formaci\u00f3n y Francisco Correa Igui\u00f1iz tuvo una excelente<\/p>\n","protected":false},"author":96739694,"featured_media":146908,"comment_status":"closed","ping_status":"closed","sticky":false,"template":"","format":"standard","meta":{"_jetpack_memberships_contains_paid_content":false,"footnotes":""},"categories":[30,1],"tags":[],"class_list":["post-141235","post","type-post","status-publish","format-standard","has-post-thumbnail","hentry","category-polideportivo","category-portada"],"jetpack_featured_media_url":"https:\/\/i0.wp.com\/cdnoticias.com\/wp-content\/uploads\/2022\/02\/272976757_352145960249435_7804770410450325408_n-e1644279218606.jpg?fit=2042%2C1249&ssl=1","jetpack_sharing_enabled":true,"_links":{"self":[{"href":"https:\/\/cdnoticias.com\/index.php\/wp-json\/wp\/v2\/posts\/141235","targetHints":{"allow":["GET"]}}],"collection":[{"href":"https:\/\/cdnoticias.com\/index.php\/wp-json\/wp\/v2\/posts"}],"about":[{"href":"https:\/\/cdnoticias.com\/index.php\/wp-json\/wp\/v2\/types\/post"}],"author":[{"embeddable":true,"href":"https:\/\/cdnoticias.com\/index.php\/wp-json\/wp\/v2\/users\/96739694"}],"replies":[{"embeddable":true,"href":"https:\/\/cdnoticias.com\/index.php\/wp-json\/wp\/v2\/comments?post=141235"}],"version-history":[{"count":0,"href":"https:\/\/cdnoticias.com\/index.php\/wp-json\/wp\/v2\/posts\/141235\/revisions"}],"wp:featuredmedia":[{"embeddable":true,"href":"https:\/\/cdnoticias.com\/index.php\/wp-json\/wp\/v2\/media\/146908"}],"wp:attachment":[{"href":"https:\/\/cdnoticias.com\/index.php\/wp-json\/wp\/v2\/media?parent=141235"}],"wp:term":[{"taxonomy":"category","embeddable":true,"href":"https:\/\/cdnoticias.com\/index.php\/wp-json\/wp\/v2\/categories?post=141235"},{"taxonomy":"post_tag","embeddable":true,"href":"https:\/\/cdnoticias.com\/index.php\/wp-json\/wp\/v2\/tags?post=141235"}],"curies":[{"name":"wp","href":"https:\/\/api.w.org\/{rel}","templated":true}]}}