{"id":141229,"date":"2022-02-07T00:47:45","date_gmt":"2022-02-07T03:47:45","guid":{"rendered":"http:\/\/centraldeportes.com.ar\/?p=11268"},"modified":"2025-02-02T11:08:53","modified_gmt":"2025-02-02T14:08:53","slug":"ferro-se-trajo-un-valioso-empate-de-bahia-blanca","status":"publish","type":"post","link":"https:\/\/cdnoticias.com\/index.php\/2022\/02\/07\/ferro-se-trajo-un-valioso-empate-de-bahia-blanca\/","title":{"rendered":"Ferro se trajo un valioso empate de Bah\u00eda Blanca"},"content":{"rendered":"<p>Por el duelo de ida de la final de la Regi\u00f3n Pampeana Sur el \u201ccarbonero\u201d, que jug\u00f3 con 9 desde los primeros minutos del complemento, igual\u00f3 0 a 0 ante Liniers y sac\u00f3 un resultado clave para la vuelta en Olavarr\u00eda. Barez marr\u00f3 un penal a favor del \u201cchivo\u201d sobre el final del encuentro.<!--more--><\/p>\n<hr \/>\n<p>Resultado clave y punto de oro el que sac\u00f3 el elenco dirigido por Romanello en Bah\u00eda, no por las circunstancias del partido en s\u00ed sino por las pol\u00e9micas decisiones que tom\u00f3 el \u00e1rbitro del encuentro Bruno Amiconi, con una actuaci\u00f3n que dej\u00f3 mucho que desear. M\u00e1s all\u00e1 del papel del juez, nuevamente la defensa de Ferro fue de lo mejor del partido a pesar de que se tuvo que replegar por jugar con 9 hombres pr\u00e1cticamente todo el segundo tiempo. Por su parte Liniers, tuvo sus ocasiones para poder llevarse la victoria ante su gente pero careci\u00f3 de profundidad ofensiva para terminar las jugadas.<\/p>\n<p>&nbsp;<\/p>\n<p>Fue un inicio de primer tiempo con poca fluidez de juego en general donde las ocasiones de pelota parada predominaron el cotejo. A los 8\u2019, lleg\u00f3 la primera aproximaci\u00f3n de peligro en el \u00e1rea rival para Ferro con un remate de media distancia de Quimey Mar\u00edn que resolvi\u00f3 sin problemas el arquero del \u201cchivo\u201d.<\/p>\n<p>&nbsp;<\/p>\n<p>Tiempo despu\u00e9s el \u201ccarbonero\u201d empez\u00f3 a perder la pelota y Liniers sac\u00f3 provecho de eso para asociarse bien en el mediocampo y generar chances de gol. Corr\u00eda el minuto 14 cuando Cerato mand\u00f3 un centro al segundo palo para la llegada de Soto Torres que cabece\u00f3 pero se encontr\u00f3 con una tremenda tapa de Fern\u00e1ndez que lleg\u00f3 con lo justo y mantuvo en 0 la valla del elenco olavarriense.<\/p>\n<p>&nbsp;<\/p>\n<p>Sin embargo en una de las primeras pol\u00e9micas del partido y en una jugada que parec\u00eda de amonestaci\u00f3n, Amiconi le mostr\u00f3 la roja directa a Enzo Su\u00e1rez \u00a0por una vehemente entrada sobre Onorio en la mitad de la cancha a los 28 minutos del primer chico. Ante esta situaci\u00f3n y en el tiempo restante, Liniers no hizo mucho para complicar al \u201ccarbonero\u201d que se repleg\u00f3 en su campo e intent\u00f3 pescar alg\u00fan contragolpe con ayuda de los puntas.<\/p>\n<p>&nbsp;<\/p>\n\n<p>&nbsp;<\/p>\n<p>En el arranque del complemento el conjunto de Romanello sufri\u00f3 la expulsi\u00f3n de Hammerschmidt a los 49\u2019 por una fuerte entrada a Cutrin, por lo que Amiconi decidi\u00f3 mostrarle la roja directa.<\/p>\n<p>&nbsp;<\/p>\n<p>Faltando varios minutos y con hombres a favor, Liniers apret\u00f3 a Ferro que se repleg\u00f3 cada vez m\u00e1s en su terreno ante la superioridad num\u00e9rica, pero no pudo quebrar la paridad porque le falt\u00f3 profundidad en las finalizaciones. Cada avance del elenco bahiense le sirvi\u00f3 a Fern\u00e1ndez para enaltecer su figura firme bajo los 3 palos.<\/p>\n<p>&nbsp;<\/p>\n<p>Reci\u00e9n a los 75 minutos lleg\u00f3 una aproximaci\u00f3n del \u201ccarbonero\u201d con un remate de Cardozo que control\u00f3 sin inconvenientes Partal. No obstante tres minutos m\u00e1s tarde, a los 78\u2019, en una de las m\u00e1s claras del segundo tiempo, Soto Torres peg\u00f3 un zurdazo en el palo derecho del \u201c1\u201dde Ferro.<\/p>\n<p>&nbsp;<\/p>\n<p>Sobre el cierre del partido y cuando todo parec\u00eda un discreto empate, otra pol\u00e9mica inund\u00f3 el terreno de juego del \u201cDr. Alejandro P\u00e9rez\u201d. En un despeje de la defensa \u201ccarbonera\u201d luego de un peligroso ataque de Liniers, la pelota peg\u00f3 en el brazo de Campos e inmediatamente el \u00e1rbitro del partido decidi\u00f3 cobrar la pena m\u00e1xima a los 87\u2019. Pese a esto tres minutos m\u00e1s tarde, Barez marr\u00f3 la chance con una definici\u00f3n elevada que pas\u00f3 por encima del travesa\u00f1o y dej\u00f3 el marcador final en tablas.<\/p>\n<p>&nbsp;<\/p>\n<p>Con este resultado, Ferro se trajo un valioso empate de Bah\u00eda y definir\u00e1 el pr\u00f3ximo domingo 13 de febrero con su gente en el \u201cDomingo Colasurdo\u201d.<\/p>\n<p>&nbsp;<\/p>\n<p>Fotos: Emmanuel Briane (La Nueva)<\/p>\n<p>&nbsp;<\/p>\n<p>S\u00edntesis Liniers (Bah\u00eda Blanca) \u2013 Ferro Carril Sud:<\/p>\n<p><strong>Liniers (0): <\/strong>Lucas Partal; Boris Herrera, Juli\u00e1n Taverna (Bulgarelli), Mauro Mart\u00ednez, Manuel Cutr\u00edn (Acosta); Gonzalo Barez, Franco Lefinir (P\u00e9rez), Diego Romero (Mc Coubrey), Mat\u00edas Soto Torres; Tom\u00e1s Onorio y Lautaro Cerato (Esper\u00f3n). DT: Nicol\u00e1s Ballesteros.<\/p>\n<p><strong>Ferro Carril Sud (0): <\/strong>Pablo Fern\u00e1ndez; Enzo Su\u00e1rez, Horacio Balbuena, Uriel Raponi, Mathias Buongiorno; Alan Ben\u00edtez, Ramiro Rodr\u00edguez Acosta (J. Campos), Gast\u00f3n Borda, Franco Hammerschmidt; Ignacio Pierce (J. Cardozo) y Quimey Mar\u00edn (A. Troncoso). DT: Gustavo Romanello.<\/p>\n<p><strong>Goles<\/strong>: No hubo.<\/p>\n<p><strong>Incidencias: <\/strong>Barez fall\u00f3 un penal para Liniers a los 45m. ST.<\/p>\n<p><strong>Amarillas<\/strong>: Rodriguez Acosta y Borda (Ferro); Taverna, Mart\u00ednez, Soto Torres y Acosta (Liniers).<\/p>\n<p><strong>Expulsados<\/strong>: 28m. PT Enzo Su\u00e1rez; 4m. ST Franco Hammerschmidt y Gustavo Guevara \u2013AT \u2013 (FCS); 44m. ST Lucas Esper\u00f3n (L).<\/p>\n<p><strong>\u00c1rbitro<\/strong>: Bruno Amiconi (Salto). <strong>Estadio<\/strong>: Dr. Alejandro P\u00e9rez.<\/p>\n","protected":false},"excerpt":{"rendered":"<p>Por el duelo de ida de la final de la Regi\u00f3n Pampeana Sur el \u201ccarbonero\u201d, que jug\u00f3 con 9 desde<\/p>\n","protected":false},"author":96739694,"featured_media":146921,"comment_status":"closed","ping_status":"closed","sticky":false,"template":"","format":"standard","meta":{"_jetpack_memberships_contains_paid_content":false,"footnotes":""},"categories":[35,1,54],"tags":[],"class_list":["post-141229","post","type-post","status-publish","format-standard","has-post-thumbnail","hentry","category-futbol","category-portada","category-torneo-regional-amateur"],"jetpack_featured_media_url":"https:\/\/i0.wp.com\/cdnoticias.com\/wp-content\/uploads\/2022\/02\/WhatsApp-Image-2022-02-06-at-23.00.48.jpeg?fit=1600%2C1059&ssl=1","jetpack_sharing_enabled":true,"_links":{"self":[{"href":"https:\/\/cdnoticias.com\/index.php\/wp-json\/wp\/v2\/posts\/141229","targetHints":{"allow":["GET"]}}],"collection":[{"href":"https:\/\/cdnoticias.com\/index.php\/wp-json\/wp\/v2\/posts"}],"about":[{"href":"https:\/\/cdnoticias.com\/index.php\/wp-json\/wp\/v2\/types\/post"}],"author":[{"embeddable":true,"href":"https:\/\/cdnoticias.com\/index.php\/wp-json\/wp\/v2\/users\/96739694"}],"replies":[{"embeddable":true,"href":"https:\/\/cdnoticias.com\/index.php\/wp-json\/wp\/v2\/comments?post=141229"}],"version-history":[{"count":0,"href":"https:\/\/cdnoticias.com\/index.php\/wp-json\/wp\/v2\/posts\/141229\/revisions"}],"wp:featuredmedia":[{"embeddable":true,"href":"https:\/\/cdnoticias.com\/index.php\/wp-json\/wp\/v2\/media\/146921"}],"wp:attachment":[{"href":"https:\/\/cdnoticias.com\/index.php\/wp-json\/wp\/v2\/media?parent=141229"}],"wp:term":[{"taxonomy":"category","embeddable":true,"href":"https:\/\/cdnoticias.com\/index.php\/wp-json\/wp\/v2\/categories?post=141229"},{"taxonomy":"post_tag","embeddable":true,"href":"https:\/\/cdnoticias.com\/index.php\/wp-json\/wp\/v2\/tags?post=141229"}],"curies":[{"name":"wp","href":"https:\/\/api.w.org\/{rel}","templated":true}]}}