{"id":141224,"date":"2022-02-06T14:38:05","date_gmt":"2022-02-06T17:38:05","guid":{"rendered":"http:\/\/centraldeportes.com.ar\/?p=11245"},"modified":"2025-02-02T11:04:00","modified_gmt":"2025-02-02T14:04:00","slug":"paso-otra-jornada-mas-del-nocturno-de-colonias-y-cerros","status":"publish","type":"post","link":"https:\/\/cdnoticias.com\/index.php\/2022\/02\/06\/paso-otra-jornada-mas-del-nocturno-de-colonias-y-cerros\/","title":{"rendered":"Pas\u00f3 otra jornada m\u00e1s del Nocturno de Colonias y Cerros"},"content":{"rendered":"<p>La categor\u00eda m\u00e1s convocante del f\u00fatbol amateur olavarriense continu\u00f3 con las acciones del Torneo Nocturno durante el transcurso de la semana.<!--more--><\/p>\n<hr \/>\n<p>Categor\u00eda libre:<\/p>\n<p><strong>COPA DE ORO.<\/strong><\/p>\n<p><strong>Octavos de final:<\/strong><\/p>\n<p>Juventud Antoniana <strong>4<\/strong> \u2013 <strong>1<\/strong> Bataraz<\/p>\n<p>Eucaliptus <strong>2<\/strong> \u2013 <strong>0<\/strong> Hauswagen<\/p>\n<p>Atlanta <strong>1<\/strong> \u2013 <strong>1<\/strong> Juvenil 79 (Pas\u00f3 por penales Atlanta)<\/p>\n<p>La Amistad <strong>1<\/strong> \u2013 <strong>1<\/strong> Dura\u00f1ona (Pas\u00f3 por penales Dura\u00f1ona)<\/p>\n<p>Los Toritos <strong>3<\/strong> \u2013 <strong>2<\/strong> Crotto FC<\/p>\n<p>&nbsp;<\/p>\n<p>Por su parte se jugaron algunos encuentros de cuartos de final y ya se conocen los primeros semifinalistas:<\/p>\n<p>Mariano Moreno <strong>3 <\/strong>\u2013 <strong>2<\/strong> Los Toritos<\/p>\n<p>Cicl\u00f3n <strong>4<\/strong> \u2013 <strong>4<\/strong> Atlanta (Se defini\u00f3 por penales y avanz\u00f3 Atlanta)<\/p>\n<p>La semana pr\u00f3xima se jugar\u00e1 la otra llave: La Estancia \u2013 Eucaliptus y Dura\u00f1ona \u2013 Juventud Antoniana.<\/p>\n<p>&nbsp;<\/p>\n<p><strong>COPA DE PLATA.<\/strong><\/p>\n<p>Cuartos de final:<\/p>\n<p>Chelsea FC <strong>0<\/strong> \u2013 <strong>0<\/strong> Dortmund (Avanz\u00f3 Dortmund desde la definici\u00f3n de los 12 pasos)<\/p>\n<p>Serenito FC <strong>5<\/strong> \u2013 <strong>3<\/strong> Independiente de Olavarr\u00eda<\/p>\n<p>Vatos Locos <strong>4<\/strong> \u2013 <strong>0<\/strong> Hip\u00f3lito Irigoyen<\/p>\n<p>&nbsp;<\/p>\n<p>Durante el transcurso de la semana pr\u00f3xima se disputar\u00e1n las semifinales entre Serenito FC \u2013 Chelsea FC y Vatos Locos \u2013 Dortmund.<\/p>\n<p>&nbsp;<\/p>\n<p><img data-recalc-dims=\"1\" loading=\"lazy\" decoding=\"async\" class=\"aligncenter size-full wp-image-11247\" src=\"https:\/\/i0.wp.com\/centraldeportes.com.ar\/wp-content\/uploads\/2022\/02\/WhatsApp-Image-2022-02-05-at-10.19.17.jpeg?resize=800%2C450\" alt=\"\" width=\"800\" height=\"450\" \/><\/p>\n<p>&nbsp;<\/p>\n<p>En la categor\u00eda +32 pas\u00f3 la 6\u00b0 fecha con los siguientes resultados:<\/p>\n<p>&nbsp;<\/p>\n<p>Deportivo Espa\u00f1ol <strong>4<\/strong> \u2013 <strong>6<\/strong> Dale que Va<\/p>\n<p>Mariano Moreno <strong>6<\/strong> \u2013 <strong>2<\/strong> Pueblo Nuevo<\/p>\n<p>Sierra Chica <strong>3<\/strong> \u2013 <strong>3<\/strong> Defensa y Justicia<\/p>\n<p>Atlanta <strong>1<\/strong> \u2013 <strong>1<\/strong> La Amistad<\/p>\n<p>Club de Amigos <strong>2<\/strong> \u2013 <strong>1<\/strong> Kiosco Avenida<\/p>\n<p>&nbsp;<\/p>\n<p>Si bien hay algunos partidos pendientes en esta categor\u00eda, Club de Amigos domina en la Zona A con 18 unidades y en la Zona B lidera Mariano Moreno con 10 puntos.<\/p>\n<p>&nbsp;<\/p>\n<p>Adem\u00e1s se complet\u00f3 la 4\u00b0 jornada de las categor\u00edas +42 y +48:<\/p>\n<p>En +42:<\/p>\n<p>Los Robles <strong>3<\/strong> \u2013 <strong>1<\/strong> 12 de Octubre<\/p>\n<p>Ferrosur \u2013 San Mart\u00edn (Reprogramado)<\/p>\n<p>El l\u00edder del certamen es Ferrosur con 9 puntos.<\/p>\n<p>&nbsp;<\/p>\n<p>En +48:<\/p>\n<p>Independiente de Loma Negra <strong>7<\/strong> \u2013 <strong>2<\/strong> La Candela<\/p>\n<p>El Fort\u00edn <strong>3<\/strong> \u2013 <strong>4<\/strong> 4 de Octubre<\/p>\n<p>Ferrosur <strong>3<\/strong> \u2013 <strong>0<\/strong> Los Pibes de la Esquina<\/p>\n<p>Libre: Pueblo Nuevo.<\/p>\n<p>En esta categor\u00eda Independiente de Loma Negra es el puntero con 12 pts.<\/p>\n<p>&nbsp;<\/p>\n<p>Fotos: Prensa CyC.<\/p>\n","protected":false},"excerpt":{"rendered":"<p>La categor\u00eda m\u00e1s convocante del f\u00fatbol amateur olavarriense continu\u00f3 con las acciones del Torneo Nocturno durante el transcurso de la<\/p>\n","protected":false},"author":96739694,"featured_media":146811,"comment_status":"closed","ping_status":"closed","sticky":false,"template":"","format":"standard","meta":{"_jetpack_memberships_contains_paid_content":false,"footnotes":""},"categories":[45,35,1],"tags":[],"class_list":["post-141224","post","type-post","status-publish","format-standard","has-post-thumbnail","hentry","category-colonias-y-cerros","category-futbol","category-portada"],"jetpack_featured_media_url":"https:\/\/i0.wp.com\/cdnoticias.com\/wp-content\/uploads\/2022\/02\/WhatsApp-Image-2022-02-05-at-10.19.16.jpeg?fit=1280%2C960&ssl=1","jetpack_sharing_enabled":true,"_links":{"self":[{"href":"https:\/\/cdnoticias.com\/index.php\/wp-json\/wp\/v2\/posts\/141224","targetHints":{"allow":["GET"]}}],"collection":[{"href":"https:\/\/cdnoticias.com\/index.php\/wp-json\/wp\/v2\/posts"}],"about":[{"href":"https:\/\/cdnoticias.com\/index.php\/wp-json\/wp\/v2\/types\/post"}],"author":[{"embeddable":true,"href":"https:\/\/cdnoticias.com\/index.php\/wp-json\/wp\/v2\/users\/96739694"}],"replies":[{"embeddable":true,"href":"https:\/\/cdnoticias.com\/index.php\/wp-json\/wp\/v2\/comments?post=141224"}],"version-history":[{"count":0,"href":"https:\/\/cdnoticias.com\/index.php\/wp-json\/wp\/v2\/posts\/141224\/revisions"}],"wp:featuredmedia":[{"embeddable":true,"href":"https:\/\/cdnoticias.com\/index.php\/wp-json\/wp\/v2\/media\/146811"}],"wp:attachment":[{"href":"https:\/\/cdnoticias.com\/index.php\/wp-json\/wp\/v2\/media?parent=141224"}],"wp:term":[{"taxonomy":"category","embeddable":true,"href":"https:\/\/cdnoticias.com\/index.php\/wp-json\/wp\/v2\/categories?post=141224"},{"taxonomy":"post_tag","embeddable":true,"href":"https:\/\/cdnoticias.com\/index.php\/wp-json\/wp\/v2\/tags?post=141224"}],"curies":[{"name":"wp","href":"https:\/\/api.w.org\/{rel}","templated":true}]}}