{"id":141217,"date":"2022-02-05T16:15:02","date_gmt":"2022-02-05T19:15:02","guid":{"rendered":"http:\/\/centraldeportes.com.ar\/?p=11209"},"modified":"2025-02-02T11:05:24","modified_gmt":"2025-02-02T14:05:24","slug":"olavarrienses-con-actividad-amistosa-pensando-en-el-regreso-del-futbol","status":"publish","type":"post","link":"https:\/\/cdnoticias.com\/index.php\/2022\/02\/05\/olavarrienses-con-actividad-amistosa-pensando-en-el-regreso-del-futbol\/","title":{"rendered":"Olavarrienses con actividad amistosa pensando en el regreso del f\u00fatbol"},"content":{"rendered":"<p>El pr\u00f3ximo viernes dar\u00e1 comienzo la competencia oficial organizada por la Asociaci\u00f3n de F\u00fatbol Argentino para continuar durante todo el fin de semana y en la previa, todas las categor\u00edas sumaron minutos amistosos con muchos olavarrienses involucrados.<!--more--><\/p>\n<hr \/>\n<p>Entre el mi\u00e9rcoles y este s\u00e1bado hubo muchos partidos amistosos para los clubes argentinos y los que cuentan con olavarrienses no fueron la excepci\u00f3n. Tambi\u00e9n hubo varios encuentros que fueron suspendidos por las malas condiciones clim\u00e1ticas.<\/p>\n<p>&nbsp;<\/p>\n<p>Durante el transcurso del viernes hubo presencia olavarriense en Mar del Plata donde los planteles de Aldosivi se enfrentaron entre s\u00ed y all\u00ed, para la Reserva estuvo Lucio Falasco. Los encuentros fueron divididos en tres bloques de 45 minutos y el olavarriense estuvo en los dos primeros.<\/p>\n<p>&nbsp;<\/p>\n<p>Tambi\u00e9n para la Reserva de San Lorenzo jug\u00f3 como titular Mateo Clemente en el encuentro frente a Estudiantes de Buenos Aires y Mauricio Cardillo anot\u00f3 un gol para Lan\u00fas que enfrent\u00f3 a Sportivo Italiano.<\/p>\n<p>&nbsp;<\/p>\n<p>El viernes cerr\u00f3 en Tandil donde hubo cruce de olavarrienses ya que Santamarina, con Agust\u00edn Osinaga entre los titulares, recibi\u00f3 a Olimpo que tuvo a Braian Guille en el primer equipo y a Nadir Hadad en los suplentes.<\/p>\n<p>&nbsp;<\/p>\n<p>UAI Urquiza, en Rancho Taxco, recibi\u00f3 a Claypole y en el \u201cFurg\u00f3n\u201d estuvo Carlos Battigelli en el once de Alejandro Riveros. No fue parte de los encuentros Maximiliano Ferreira.<\/p>\n<p>&nbsp;<\/p>\n<p>Adem\u00e1s, Flandria jug\u00f3 dos encuentros con Real Pilar en el predio El Front\u00f3n de Giles y Juan Ignacio Barbieri integr\u00f3 el segundo equipo del \u201cCanario\u201d.<\/p>\n<p>&nbsp;<\/p>\n<p>La actividad de preparaci\u00f3n cerrar\u00e1 este s\u00e1bado con el cruce entre V\u00e9lez Sarsfield y River Plate desde las 20:15 donde se pondr\u00e1 en juego la \u201cCopa Juan G. Funes\u201d.<\/p>\n","protected":false},"excerpt":{"rendered":"<p>El pr\u00f3ximo viernes dar\u00e1 comienzo la competencia oficial organizada por la Asociaci\u00f3n de F\u00fatbol Argentino para continuar durante todo el<\/p>\n","protected":false},"author":96739694,"featured_media":146836,"comment_status":"closed","ping_status":"closed","sticky":false,"template":"","format":"standard","meta":{"_jetpack_memberships_contains_paid_content":false,"footnotes":""},"categories":[35,37,1],"tags":[],"class_list":["post-141217","post","type-post","status-publish","format-standard","has-post-thumbnail","hentry","category-futbol","category-futbol-profesional","category-portada"],"jetpack_featured_media_url":"https:\/\/i0.wp.com\/cdnoticias.com\/wp-content\/uploads\/2022\/02\/Guille-678x381.jpg?fit=678%2C381&ssl=1","jetpack_sharing_enabled":true,"_links":{"self":[{"href":"https:\/\/cdnoticias.com\/index.php\/wp-json\/wp\/v2\/posts\/141217","targetHints":{"allow":["GET"]}}],"collection":[{"href":"https:\/\/cdnoticias.com\/index.php\/wp-json\/wp\/v2\/posts"}],"about":[{"href":"https:\/\/cdnoticias.com\/index.php\/wp-json\/wp\/v2\/types\/post"}],"author":[{"embeddable":true,"href":"https:\/\/cdnoticias.com\/index.php\/wp-json\/wp\/v2\/users\/96739694"}],"replies":[{"embeddable":true,"href":"https:\/\/cdnoticias.com\/index.php\/wp-json\/wp\/v2\/comments?post=141217"}],"version-history":[{"count":0,"href":"https:\/\/cdnoticias.com\/index.php\/wp-json\/wp\/v2\/posts\/141217\/revisions"}],"wp:featuredmedia":[{"embeddable":true,"href":"https:\/\/cdnoticias.com\/index.php\/wp-json\/wp\/v2\/media\/146836"}],"wp:attachment":[{"href":"https:\/\/cdnoticias.com\/index.php\/wp-json\/wp\/v2\/media?parent=141217"}],"wp:term":[{"taxonomy":"category","embeddable":true,"href":"https:\/\/cdnoticias.com\/index.php\/wp-json\/wp\/v2\/categories?post=141217"},{"taxonomy":"post_tag","embeddable":true,"href":"https:\/\/cdnoticias.com\/index.php\/wp-json\/wp\/v2\/tags?post=141217"}],"curies":[{"name":"wp","href":"https:\/\/api.w.org\/{rel}","templated":true}]}}