{"id":141190,"date":"2022-02-01T23:32:49","date_gmt":"2022-02-02T02:32:49","guid":{"rendered":"http:\/\/centraldeportes.com.ar\/?p=11085"},"modified":"2025-02-02T11:01:47","modified_gmt":"2025-02-02T14:01:47","slug":"padel-time-recibio-las-definiciones-de-una-nueva-fecha-del-circuito-de-verano-apo","status":"publish","type":"post","link":"https:\/\/cdnoticias.com\/index.php\/2022\/02\/01\/padel-time-recibio-las-definiciones-de-una-nueva-fecha-del-circuito-de-verano-apo\/","title":{"rendered":"P\u00e1del Time recibi\u00f3 las definiciones de una nueva fecha del Circuito de Verano APO"},"content":{"rendered":"<p>Un gran fin de semana de p\u00e1del se vivi\u00f3 con la continuidad del Circuito de Verano organizado por la Agrupaci\u00f3n de P\u00e1del Olavarriense y las definiciones se llevaron a cabo en el complejo P\u00e1del Time.<!--more--><\/p>\n<hr \/>\n<p>En lo que respecta a resultados en la categor\u00eda Libres los campeones fueron Marcos Silverii y Pablo Ciancio que derrotaron en la final a Gabriel Reyes y Santiago Pineda en sets corridos por 6\/3 y 6\/4.<\/p>\n<p>&nbsp;<\/p>\n<p>En Cuarta Caballeros, Alan Tom\u00e1s y Marcelo Dom\u00ednguez lograron el t\u00edtulo al derrotar a Emanuel Arga\u00f1a y Marcos Arga\u00f1a por 6\/2 6\/1.<\/p>\n<p>&nbsp;<\/p>\n<p>Sa\u00fal y \u201cSaulito\u201d Spinola fueron los campeones en Sexta Caballeros. Padre e hijo superaron en sets corridos a Ariel Cardoso y Agust\u00edn Aguilar por 7\/5 6\/4.<\/p>\n<p>&nbsp;<\/p>\n<p><img data-recalc-dims=\"1\" loading=\"lazy\" decoding=\"async\" class=\"aligncenter size-full wp-image-11086\" src=\"https:\/\/i0.wp.com\/centraldeportes.com.ar\/wp-content\/uploads\/2022\/02\/273030756_224477189897426_2240951117809484910_n-e1643769143181.jpg?resize=800%2C470\" alt=\"\" width=\"800\" height=\"470\" \/><\/p>\n<p>&nbsp;<\/p>\n<p>Adem\u00e1s, en Sexta Damas, Carolina Aviles y Andrea Far\u00edas vencieron por 6\/3 6\/2 a la pareja compuesta por Pia Dolagaray y Julieta Otonello y se quedaron con el trofeo de ganadoras.<\/p>\n<p>&nbsp;<\/p>\n<p>En S\u00e9ptima B Damas, Clara Piazza y Agustina Ale festejaron al superar en sets corridos por 6\/1 6\/4 a la pareja compuesta por Laura Izzi y Candela Tentoni.<\/p>\n<p>&nbsp;<\/p>\n<p>Rodrigo Schamberger y Mart\u00edn Banach fueron los ganadores en S\u00e9ptima B Caballeros luego de que superaron a Ignacio Otero y Tom\u00e1s Pietrafesa por 6\/1 7\/5.<\/p>\n","protected":false},"excerpt":{"rendered":"<p>Un gran fin de semana de p\u00e1del se vivi\u00f3 con la continuidad del Circuito de Verano organizado por la Agrupaci\u00f3n<\/p>\n","protected":false},"author":96739694,"featured_media":146784,"comment_status":"closed","ping_status":"closed","sticky":false,"template":"","format":"standard","meta":{"_jetpack_memberships_contains_paid_content":false,"footnotes":""},"categories":[30,1],"tags":[],"class_list":["post-141190","post","type-post","status-publish","format-standard","has-post-thumbnail","hentry","category-polideportivo","category-portada"],"jetpack_featured_media_url":"https:\/\/i0.wp.com\/cdnoticias.com\/wp-content\/uploads\/2022\/02\/273121061_224401686571643_3017227401972877720_n-e1643769157257.jpg?fit=1080%2C762&ssl=1","jetpack_sharing_enabled":true,"_links":{"self":[{"href":"https:\/\/cdnoticias.com\/index.php\/wp-json\/wp\/v2\/posts\/141190","targetHints":{"allow":["GET"]}}],"collection":[{"href":"https:\/\/cdnoticias.com\/index.php\/wp-json\/wp\/v2\/posts"}],"about":[{"href":"https:\/\/cdnoticias.com\/index.php\/wp-json\/wp\/v2\/types\/post"}],"author":[{"embeddable":true,"href":"https:\/\/cdnoticias.com\/index.php\/wp-json\/wp\/v2\/users\/96739694"}],"replies":[{"embeddable":true,"href":"https:\/\/cdnoticias.com\/index.php\/wp-json\/wp\/v2\/comments?post=141190"}],"version-history":[{"count":0,"href":"https:\/\/cdnoticias.com\/index.php\/wp-json\/wp\/v2\/posts\/141190\/revisions"}],"wp:featuredmedia":[{"embeddable":true,"href":"https:\/\/cdnoticias.com\/index.php\/wp-json\/wp\/v2\/media\/146784"}],"wp:attachment":[{"href":"https:\/\/cdnoticias.com\/index.php\/wp-json\/wp\/v2\/media?parent=141190"}],"wp:term":[{"taxonomy":"category","embeddable":true,"href":"https:\/\/cdnoticias.com\/index.php\/wp-json\/wp\/v2\/categories?post=141190"},{"taxonomy":"post_tag","embeddable":true,"href":"https:\/\/cdnoticias.com\/index.php\/wp-json\/wp\/v2\/tags?post=141190"}],"curies":[{"name":"wp","href":"https:\/\/api.w.org\/{rel}","templated":true}]}}