{"id":141188,"date":"2022-02-01T18:54:21","date_gmt":"2022-02-01T21:54:21","guid":{"rendered":"http:\/\/centraldeportes.com.ar\/?p=11078"},"modified":"2025-02-02T11:01:55","modified_gmt":"2025-02-02T14:01:55","slug":"las-actividades-veraniegas-preparan-su-cierre","status":"publish","type":"post","link":"https:\/\/cdnoticias.com\/index.php\/2022\/02\/01\/las-actividades-veraniegas-preparan-su-cierre\/","title":{"rendered":"Las actividades veraniegas preparan su cierre"},"content":{"rendered":"<p>Las actividades de verano propuestas por la Subsecretar\u00eda de Deporte y Recreaci\u00f3n de la Municipalidad de Olavarr\u00eda llegan a su fin en las pr\u00f3ximas semanas y se prepara un cierre con propuestas especiales.<!--more--><\/p>\n<hr \/>\n<p>&nbsp;<\/p>\n<p>El viernes 18 de febrero culminan las actividades gratuitas, con la finalidad de promover h\u00e1bitos saludables en la comunidad propuestas por Subsecretar\u00eda de Deportes y Recreaci\u00f3n de la Municipalidad.<\/p>\n<p>&nbsp;<\/p>\n<p style=\"text-align: justify;\">Llegar\u00e1n a su fin las propuestas de \u201cGimnasia en los parques\u201d, y por otro lado las propuestas para personas mayores: reacondicionamiento f\u00edsico, nataci\u00f3n (en las piletas de La M\u00e1xima y Parque Avellaneda) y las actividades con sede en Base Bonino.<\/p>\n<p>&nbsp;<\/p>\n<p style=\"text-align: justify;\">De cara al cierre de temporada, en la Casa del Bicentenario habr\u00e1 una jornada especial para las personas mayores, este mi\u00e9rcoles 02 de febrero desde las 18:30 horas y el mi\u00e9rcoles 16 a las 19 horas habr\u00e1 una propuesta de cierre de Gimnasia en los Parques.<\/p>\n","protected":false},"excerpt":{"rendered":"<p>Las actividades de verano propuestas por la Subsecretar\u00eda de Deporte y Recreaci\u00f3n de la Municipalidad de Olavarr\u00eda llegan a su<\/p>\n","protected":false},"author":96739694,"featured_media":145959,"comment_status":"closed","ping_status":"closed","sticky":false,"template":"","format":"standard","meta":{"_jetpack_memberships_contains_paid_content":false,"footnotes":""},"categories":[30,1],"tags":[],"class_list":["post-141188","post","type-post","status-publish","format-standard","has-post-thumbnail","hentry","category-polideportivo","category-portada"],"jetpack_featured_media_url":"https:\/\/i0.wp.com\/cdnoticias.com\/wp-content\/uploads\/2022\/01\/Deportes-Gimnasia-en-los-Parques-1.jpg?fit=1772%2C1181&ssl=1","jetpack_sharing_enabled":true,"_links":{"self":[{"href":"https:\/\/cdnoticias.com\/index.php\/wp-json\/wp\/v2\/posts\/141188","targetHints":{"allow":["GET"]}}],"collection":[{"href":"https:\/\/cdnoticias.com\/index.php\/wp-json\/wp\/v2\/posts"}],"about":[{"href":"https:\/\/cdnoticias.com\/index.php\/wp-json\/wp\/v2\/types\/post"}],"author":[{"embeddable":true,"href":"https:\/\/cdnoticias.com\/index.php\/wp-json\/wp\/v2\/users\/96739694"}],"replies":[{"embeddable":true,"href":"https:\/\/cdnoticias.com\/index.php\/wp-json\/wp\/v2\/comments?post=141188"}],"version-history":[{"count":0,"href":"https:\/\/cdnoticias.com\/index.php\/wp-json\/wp\/v2\/posts\/141188\/revisions"}],"wp:featuredmedia":[{"embeddable":true,"href":"https:\/\/cdnoticias.com\/index.php\/wp-json\/wp\/v2\/media\/145959"}],"wp:attachment":[{"href":"https:\/\/cdnoticias.com\/index.php\/wp-json\/wp\/v2\/media?parent=141188"}],"wp:term":[{"taxonomy":"category","embeddable":true,"href":"https:\/\/cdnoticias.com\/index.php\/wp-json\/wp\/v2\/categories?post=141188"},{"taxonomy":"post_tag","embeddable":true,"href":"https:\/\/cdnoticias.com\/index.php\/wp-json\/wp\/v2\/tags?post=141188"}],"curies":[{"name":"wp","href":"https:\/\/api.w.org\/{rel}","templated":true}]}}