{"id":141187,"date":"2022-02-01T18:41:14","date_gmt":"2022-02-01T21:41:14","guid":{"rendered":"http:\/\/centraldeportes.com.ar\/?p=11076"},"modified":"2025-02-02T11:02:00","modified_gmt":"2025-02-02T14:02:00","slug":"arbitro-conocido-para-la-primera-final","status":"publish","type":"post","link":"https:\/\/cdnoticias.com\/index.php\/2022\/02\/01\/arbitro-conocido-para-la-primera-final\/","title":{"rendered":"\u00c1rbitro conocido para la primera Final"},"content":{"rendered":"<p style=\"text-align: justify;\">El Consejo Federal dio a conocer la terna arbitral que llegar\u00e1 hasta Bah\u00eda Blanca para el choque entre Liniers y Ferro, primera de las Finales de la Regi\u00f3n Pampeana Sur.<!--more--><\/p>\n<hr \/>\n<p style=\"text-align: justify;\">El encuentro que se llevar\u00e1 a cabo el venidero domingo desde las 20:30 en el estadio \u201cDr. Alejandro P\u00e9rez\u201d entre Liniers y Ferro tendr\u00e1 a Bruno Amiconi como \u00e1rbitro principal.<\/p>\n<p>&nbsp;<\/p>\n<p style=\"text-align: justify;\">El juez de Salto estar\u00e1 acompa\u00f1ado por Carlos Viglietti y Gonzalo Rold\u00e1n en las bandas, mientras que el cuarto \u00e1rbitro ser\u00e1 Nery De los Santos.<\/p>\n","protected":false},"excerpt":{"rendered":"<p>El Consejo Federal dio a conocer la terna arbitral que llegar\u00e1 hasta Bah\u00eda Blanca para el choque entre Liniers y<\/p>\n","protected":false},"author":96739694,"featured_media":146239,"comment_status":"closed","ping_status":"closed","sticky":false,"template":"","format":"standard","meta":{"_jetpack_memberships_contains_paid_content":false,"footnotes":""},"categories":[35,1,54],"tags":[],"class_list":["post-141187","post","type-post","status-publish","format-standard","has-post-thumbnail","hentry","category-futbol","category-portada","category-torneo-regional-amateur"],"jetpack_featured_media_url":"https:\/\/i0.wp.com\/cdnoticias.com\/wp-content\/uploads\/2022\/01\/84291681_2810245215687650_3459694838096592896_n.jpg?fit=1280%2C854&ssl=1","jetpack_sharing_enabled":true,"_links":{"self":[{"href":"https:\/\/cdnoticias.com\/index.php\/wp-json\/wp\/v2\/posts\/141187","targetHints":{"allow":["GET"]}}],"collection":[{"href":"https:\/\/cdnoticias.com\/index.php\/wp-json\/wp\/v2\/posts"}],"about":[{"href":"https:\/\/cdnoticias.com\/index.php\/wp-json\/wp\/v2\/types\/post"}],"author":[{"embeddable":true,"href":"https:\/\/cdnoticias.com\/index.php\/wp-json\/wp\/v2\/users\/96739694"}],"replies":[{"embeddable":true,"href":"https:\/\/cdnoticias.com\/index.php\/wp-json\/wp\/v2\/comments?post=141187"}],"version-history":[{"count":0,"href":"https:\/\/cdnoticias.com\/index.php\/wp-json\/wp\/v2\/posts\/141187\/revisions"}],"wp:featuredmedia":[{"embeddable":true,"href":"https:\/\/cdnoticias.com\/index.php\/wp-json\/wp\/v2\/media\/146239"}],"wp:attachment":[{"href":"https:\/\/cdnoticias.com\/index.php\/wp-json\/wp\/v2\/media?parent=141187"}],"wp:term":[{"taxonomy":"category","embeddable":true,"href":"https:\/\/cdnoticias.com\/index.php\/wp-json\/wp\/v2\/categories?post=141187"},{"taxonomy":"post_tag","embeddable":true,"href":"https:\/\/cdnoticias.com\/index.php\/wp-json\/wp\/v2\/tags?post=141187"}],"curies":[{"name":"wp","href":"https:\/\/api.w.org\/{rel}","templated":true}]}}