{"id":141176,"date":"2022-01-31T16:21:36","date_gmt":"2022-01-31T19:21:36","guid":{"rendered":"http:\/\/centraldeportes.com.ar\/?p=11037"},"modified":"2025-02-02T10:57:40","modified_gmt":"2025-02-02T13:57:40","slug":"el-torneo-de-beach-voley-chaira-tiene-a-sus-campeones","status":"publish","type":"post","link":"https:\/\/cdnoticias.com\/index.php\/2022\/01\/31\/el-torneo-de-beach-voley-chaira-tiene-a-sus-campeones\/","title":{"rendered":"El Torneo de Beach V\u00f3ley \u201cChaira\u201d tiene a sus campeones"},"content":{"rendered":"<p>En el sector de playa del Parque Olavarr\u00eda se defini\u00f3 el Torneo de Beach V\u00f3ley organizado por Racing A. Club con muchos partidos y un buen marco de p\u00fablico.<!--more--><\/p>\n<hr \/>\n<p>El certamen veraniego concluy\u00f3 el pasado domingo tras una semana de mucha actividad definitoria y se conocieron los tres equipos campeones para las tres categor\u00edas que compitieron.<\/p>\n<p>&nbsp;<\/p>\n<p>En la categor\u00eda mixta los ganadores fueron Valent\u00edn Masson y Lourdes Sal\u00edas que derrotaron en la final a Rodr\u00edguez y Curr\u00e1 por 2 a 1 con parciales de 15\/12 13\/15 y 7\/10.<\/p>\n<p>&nbsp;<\/p>\n<p>P\u00eda Morley y Ingrid Conte terminaron festejando al vencer por 2 a 0 con parciales de 15\/4 15\/1 a Camerotto y Su\u00e1rez.<\/p>\n<p>&nbsp;<\/p>\n<p>[soliloquy slug=&#8221;beach-voley-2&#8243;]<\/p>\n<p>&nbsp;<\/p>\n<p>Por \u00faltimo, Agust\u00edn Rodr\u00edguez y Facundo Aranda fueron los ganadores en la rama masculina al imponerse a Domizzi y Rodr\u00edguez por 2 a 0 con parciales de 15\/12 15\/13.<\/p>\n","protected":false},"excerpt":{"rendered":"<p>En el sector de playa del Parque Olavarr\u00eda se defini\u00f3 el Torneo de Beach V\u00f3ley organizado por Racing A. Club<\/p>\n","protected":false},"author":96739694,"featured_media":0,"comment_status":"closed","ping_status":"closed","sticky":false,"template":"","format":"standard","meta":{"_jetpack_memberships_contains_paid_content":false,"footnotes":""},"categories":[30,1],"tags":[],"class_list":["post-141176","post","type-post","status-publish","format-standard","hentry","category-polideportivo","category-portada"],"jetpack_featured_media_url":"","jetpack_sharing_enabled":true,"_links":{"self":[{"href":"https:\/\/cdnoticias.com\/index.php\/wp-json\/wp\/v2\/posts\/141176","targetHints":{"allow":["GET"]}}],"collection":[{"href":"https:\/\/cdnoticias.com\/index.php\/wp-json\/wp\/v2\/posts"}],"about":[{"href":"https:\/\/cdnoticias.com\/index.php\/wp-json\/wp\/v2\/types\/post"}],"author":[{"embeddable":true,"href":"https:\/\/cdnoticias.com\/index.php\/wp-json\/wp\/v2\/users\/96739694"}],"replies":[{"embeddable":true,"href":"https:\/\/cdnoticias.com\/index.php\/wp-json\/wp\/v2\/comments?post=141176"}],"version-history":[{"count":0,"href":"https:\/\/cdnoticias.com\/index.php\/wp-json\/wp\/v2\/posts\/141176\/revisions"}],"wp:attachment":[{"href":"https:\/\/cdnoticias.com\/index.php\/wp-json\/wp\/v2\/media?parent=141176"}],"wp:term":[{"taxonomy":"category","embeddable":true,"href":"https:\/\/cdnoticias.com\/index.php\/wp-json\/wp\/v2\/categories?post=141176"},{"taxonomy":"post_tag","embeddable":true,"href":"https:\/\/cdnoticias.com\/index.php\/wp-json\/wp\/v2\/tags?post=141176"}],"curies":[{"name":"wp","href":"https:\/\/api.w.org\/{rel}","templated":true}]}}