{"id":141168,"date":"2022-01-30T17:00:04","date_gmt":"2022-01-30T20:00:04","guid":{"rendered":"http:\/\/centraldeportes.com.ar\/?p=10978"},"modified":"2025-02-02T10:58:37","modified_gmt":"2025-02-02T13:58:37","slug":"gianluca-nolasco-meter-el-primer-paso-es-importante","status":"publish","type":"post","link":"https:\/\/cdnoticias.com\/index.php\/2022\/01\/30\/gianluca-nolasco-meter-el-primer-paso-es-importante\/","title":{"rendered":"Gianluca Nolasco: \u201cMeter el primer paso es importante\u201d"},"content":{"rendered":"<p>El perimetral de Racing habl\u00f3 luego del triunfo por 84 a 77 ante Uni\u00f3n de Mar del Plata, donde fue una de las piezas clave en el debut del \u201cchaira\u201d en la Liga Federal 2022.<!--more--><\/p>\n<hr \/>\n<p>El conjunto olavarriense <a href=\"http:\/\/centraldeportes.com.ar\/debut-y-triunfo-historico-para-racing-en-la-liga-federal\/\">arranc\u00f3 con el pie derecho<\/a> la nueva temporada de la Liga Federal, pero para eso tuvo que trabajar y mucho el partido ante un complicado rival como lo es el \u201cquincho\u201d marplatense. <em><strong>\u201cSab\u00edamos que iba a ser un partido muy duro y muy f\u00edsico, adentro parec\u00eda una batalla campal, terminamos todos cansados pero por suerte se nos dio la victoria&#8221;<\/strong>, <\/em>coment\u00f3.<\/p>\n<p>&nbsp;<\/p>\n<p><em><strong>\u201cMeter el primer paso es importante, por la magnitud del rival y porque ya se arranca con un \u00e1nimo m\u00e1s arriba. Por eso comenzar con un triunfo nos favorece un mont\u00f3n\u201d<\/strong>, <\/em>explic\u00f3 Nolasco que tuvo un gran segundo tiempo y fue uno de los mejores del partido donde contribuy\u00f3 con 20 puntos, 4 rebotes y 1 asistencia.<\/p>\n<p>&nbsp;<\/p>\n<p><img data-recalc-dims=\"1\" loading=\"lazy\" decoding=\"async\" class=\"aligncenter size-full wp-image-10913\" src=\"https:\/\/i0.wp.com\/centraldeportes.com.ar\/wp-content\/uploads\/2022\/01\/WhatsApp-Image-2022-01-29-at-00.33.06-3.jpeg?resize=800%2C533\" alt=\"\" width=\"800\" height=\"533\" \/><\/p>\n<p>&nbsp;<\/p>\n<p>M\u00e1s all\u00e1 de la victoria en el \u201cParque Olavarr\u00eda\u201d, el jugador del \u201cchaira\u201d se refiri\u00f3 a los refuerzos que llegaron y se sumaron al plantel: <em><strong>\u201cCreo que los chicos se adaptaron bien (Hern\u00e1n Romero y Mateo Castagno), y la verdad que pudieron acoplarse al equipo tanto a nivel personal como deportivo y eso es muy importante\u201d<\/strong>.<\/em><\/p>\n<p>&nbsp;<\/p>\n<p>Por \u00faltimo, el perimetral de Racing palpit\u00f3 el pr\u00f3ximo compromiso que se viene en el certamen ante Independiente: <strong><em>\u201cEs un rival que conocemos muy bien, por eso nos vamos a preparar de la mejor manera en la semana para afrontar un s\u00f3lido partido en Tandil\u201d<\/em><\/strong>, concluy\u00f3.<\/p>\n<p>&nbsp;<\/p>\n<p>En la continuidad de la Liga Federal, el \u201cchaira\u201d estar\u00e1 enfrentando en la siguiente fecha a Independiente de Tandil el pr\u00f3ximo domingo 6 de febrero en el \u201cDuggan Martignoni\u201d.<\/p>\n","protected":false},"excerpt":{"rendered":"<p>El perimetral de Racing habl\u00f3 luego del triunfo por 84 a 77 ante Uni\u00f3n de Mar del Plata, donde fue<\/p>\n","protected":false},"author":96739694,"featured_media":146731,"comment_status":"closed","ping_status":"closed","sticky":false,"template":"","format":"standard","meta":{"_jetpack_memberships_contains_paid_content":false,"footnotes":""},"categories":[31,1,57],"tags":[],"class_list":["post-141168","post","type-post","status-publish","format-standard","has-post-thumbnail","hentry","category-basquet","category-portada","category-torneo-federal"],"jetpack_featured_media_url":"https:\/\/i0.wp.com\/cdnoticias.com\/wp-content\/uploads\/2022\/01\/WhatsApp-Image-2022-01-29-at-00.33.06.jpeg?fit=1280%2C853&ssl=1","jetpack_sharing_enabled":true,"_links":{"self":[{"href":"https:\/\/cdnoticias.com\/index.php\/wp-json\/wp\/v2\/posts\/141168","targetHints":{"allow":["GET"]}}],"collection":[{"href":"https:\/\/cdnoticias.com\/index.php\/wp-json\/wp\/v2\/posts"}],"about":[{"href":"https:\/\/cdnoticias.com\/index.php\/wp-json\/wp\/v2\/types\/post"}],"author":[{"embeddable":true,"href":"https:\/\/cdnoticias.com\/index.php\/wp-json\/wp\/v2\/users\/96739694"}],"replies":[{"embeddable":true,"href":"https:\/\/cdnoticias.com\/index.php\/wp-json\/wp\/v2\/comments?post=141168"}],"version-history":[{"count":0,"href":"https:\/\/cdnoticias.com\/index.php\/wp-json\/wp\/v2\/posts\/141168\/revisions"}],"wp:featuredmedia":[{"embeddable":true,"href":"https:\/\/cdnoticias.com\/index.php\/wp-json\/wp\/v2\/media\/146731"}],"wp:attachment":[{"href":"https:\/\/cdnoticias.com\/index.php\/wp-json\/wp\/v2\/media?parent=141168"}],"wp:term":[{"taxonomy":"category","embeddable":true,"href":"https:\/\/cdnoticias.com\/index.php\/wp-json\/wp\/v2\/categories?post=141168"},{"taxonomy":"post_tag","embeddable":true,"href":"https:\/\/cdnoticias.com\/index.php\/wp-json\/wp\/v2\/tags?post=141168"}],"curies":[{"name":"wp","href":"https:\/\/api.w.org\/{rel}","templated":true}]}}