{"id":141163,"date":"2022-01-29T20:11:30","date_gmt":"2022-01-29T23:11:30","guid":{"rendered":"http:\/\/centraldeportes.com.ar\/?p=10961"},"modified":"2025-02-02T10:54:24","modified_gmt":"2025-02-02T13:54:24","slug":"el-bataraz-tendra-nuevamente-a-enrique-de-la-vega-como-dt","status":"publish","type":"post","link":"https:\/\/cdnoticias.com\/index.php\/2022\/01\/29\/el-bataraz-tendra-nuevamente-a-enrique-de-la-vega-como-dt\/","title":{"rendered":"El \u201cBataraz\u201d tendr\u00e1 nuevamente a Enrique De la Vega como DT"},"content":{"rendered":"<p>El \u201cBataraz\u201d oficializ\u00f3 el regreso de Enrique De la Vega, como t\u00e9cnico principal de la Primera Divisi\u00f3n y Reserva.<\/p>\n<p><!--more--><\/p>\n<hr \/>\n<p>Enrique De la Vega hab\u00eda presentado meses atr\u00e1s una licencia por problemas personales relacionados con su actividad laboral por lo que no estuvo presente en el Torneo Regional Amateur, pero volver\u00e1 a ser el DT de los planteles superiores y tendr\u00e1 como asistente a Nicol\u00e1s Serantes. \u00c1ngel Bosaleh ser\u00e1 el preparador f\u00edsico y Oscar \u201cTola\u201d Dur\u00e1n seguir\u00e1 como entrenador de arqueros.<\/p>\n<p>&nbsp;<\/p>\n<p>\u201cEl armado del cuerpo t\u00e9cnico de Primera viene de la mano de lo que fue gran parte del 2021. Creemos que es un equipo que ya tiene bastante rodaje, bastante recorrido y la l\u00ednea siempre fue la misma\u201d, destac\u00f3 Dardo Seibel, coordinador del f\u00fatbol de la entidad.<\/p>\n<p>&nbsp;<\/p>\n<p>A su vez remarc\u00f3 que est\u00e1n a la espera de jugadores que estuvieron a pr\u00e9stamo en otras instituciones y que se encuentran observando futbolistas de la regi\u00f3n para poder incorporarlos como refuerzos.<\/p>\n<p>&nbsp;<\/p>\n<p>Fuente: Prensa CAE<\/p>\n","protected":false},"excerpt":{"rendered":"<p>El \u201cBataraz\u201d oficializ\u00f3 el regreso de Enrique De la Vega, como t\u00e9cnico principal de la Primera Divisi\u00f3n y Reserva.<\/p>\n","protected":false},"author":96739694,"featured_media":146645,"comment_status":"closed","ping_status":"closed","sticky":false,"template":"","format":"standard","meta":{"_jetpack_memberships_contains_paid_content":false,"footnotes":""},"categories":[35,1,41],"tags":[],"class_list":["post-141163","post","type-post","status-publish","format-standard","has-post-thumbnail","hentry","category-futbol","category-portada","category-primera-y-reserva"],"jetpack_featured_media_url":"https:\/\/i0.wp.com\/cdnoticias.com\/wp-content\/uploads\/2022\/01\/delavega-staff.jpeg?fit=960%2C960&ssl=1","jetpack_sharing_enabled":true,"_links":{"self":[{"href":"https:\/\/cdnoticias.com\/index.php\/wp-json\/wp\/v2\/posts\/141163","targetHints":{"allow":["GET"]}}],"collection":[{"href":"https:\/\/cdnoticias.com\/index.php\/wp-json\/wp\/v2\/posts"}],"about":[{"href":"https:\/\/cdnoticias.com\/index.php\/wp-json\/wp\/v2\/types\/post"}],"author":[{"embeddable":true,"href":"https:\/\/cdnoticias.com\/index.php\/wp-json\/wp\/v2\/users\/96739694"}],"replies":[{"embeddable":true,"href":"https:\/\/cdnoticias.com\/index.php\/wp-json\/wp\/v2\/comments?post=141163"}],"version-history":[{"count":0,"href":"https:\/\/cdnoticias.com\/index.php\/wp-json\/wp\/v2\/posts\/141163\/revisions"}],"wp:featuredmedia":[{"embeddable":true,"href":"https:\/\/cdnoticias.com\/index.php\/wp-json\/wp\/v2\/media\/146645"}],"wp:attachment":[{"href":"https:\/\/cdnoticias.com\/index.php\/wp-json\/wp\/v2\/media?parent=141163"}],"wp:term":[{"taxonomy":"category","embeddable":true,"href":"https:\/\/cdnoticias.com\/index.php\/wp-json\/wp\/v2\/categories?post=141163"},{"taxonomy":"post_tag","embeddable":true,"href":"https:\/\/cdnoticias.com\/index.php\/wp-json\/wp\/v2\/tags?post=141163"}],"curies":[{"name":"wp","href":"https:\/\/api.w.org\/{rel}","templated":true}]}}