{"id":141162,"date":"2022-01-29T19:09:48","date_gmt":"2022-01-29T22:09:48","guid":{"rendered":"http:\/\/centraldeportes.com.ar\/?p=10928"},"modified":"2025-02-02T10:54:27","modified_gmt":"2025-02-02T13:54:27","slug":"el-leon-serrano-empezo-a-trabajar","status":"publish","type":"post","link":"https:\/\/cdnoticias.com\/index.php\/2022\/01\/29\/el-leon-serrano-empezo-a-trabajar\/","title":{"rendered":"El \u201cLe\u00f3n Serrano\u201d empez\u00f3 a trabajar"},"content":{"rendered":"<p>Durante el transcurso del viernes se realiz\u00f3 la presentaci\u00f3n del nuevo cuerpo t\u00e9cnico del f\u00fatbol de San Mart\u00edn.<\/p>\n<p><!--more--><\/p>\n<hr \/>\n<p>Carlos \u201cNino\u201d Cirioli y los dem\u00e1s profesores del f\u00fatbol del \u201cLe\u00f3n\u201d fueron presentados en el Pozo Serrano en un acto que encabez\u00f3 el presidente de la entidad y cont\u00f3 con la presencia de deportistas de todas las categor\u00edas.<\/p>\n<p>&nbsp;<\/p>\n<p>Cirioli que estar\u00e1 acompa\u00f1ado por N\u00e9stor Omar Arbildi como ayudante de campo habl\u00f3 ante la docena de futbolistas que se acercaron a dar inicio a la pretemporada pensando en el inminente arranque del Torneo Clausura.<\/p>\n<p>&nbsp;<\/p>\n<p>[soliloquy slug=&#8221;san-martin&#8221;]<\/p>\n<p>&nbsp;<\/p>\n<p>Por otro lado, tambi\u00e9n fue presentado el equipo de trabajo de Inferiores que tienen como entrenadores a Hern\u00e1n Anzuino y Luis Calandra, a Facundo Becker como preparador f\u00edsico y a Omar V\u00e1squez como entrenador de arqueros.<\/p>\n<p>&nbsp;<\/p>\n<p>Adem\u00e1s de Federico Zamora, presidente del club, estuvo presente David Priola, nuevo presidente de la Subcomisi\u00f3n de F\u00fatbol de la entidad de Sierras Bayas.<\/p>\n","protected":false},"excerpt":{"rendered":"<p>Durante el transcurso del viernes se realiz\u00f3 la presentaci\u00f3n del nuevo cuerpo t\u00e9cnico del f\u00fatbol de San Mart\u00edn.<\/p>\n","protected":false},"author":96739694,"featured_media":0,"comment_status":"closed","ping_status":"closed","sticky":false,"template":"","format":"standard","meta":{"_jetpack_memberships_contains_paid_content":false,"footnotes":""},"categories":[35,1,41],"tags":[],"class_list":["post-141162","post","type-post","status-publish","format-standard","hentry","category-futbol","category-portada","category-primera-y-reserva"],"jetpack_featured_media_url":"","jetpack_sharing_enabled":true,"_links":{"self":[{"href":"https:\/\/cdnoticias.com\/index.php\/wp-json\/wp\/v2\/posts\/141162","targetHints":{"allow":["GET"]}}],"collection":[{"href":"https:\/\/cdnoticias.com\/index.php\/wp-json\/wp\/v2\/posts"}],"about":[{"href":"https:\/\/cdnoticias.com\/index.php\/wp-json\/wp\/v2\/types\/post"}],"author":[{"embeddable":true,"href":"https:\/\/cdnoticias.com\/index.php\/wp-json\/wp\/v2\/users\/96739694"}],"replies":[{"embeddable":true,"href":"https:\/\/cdnoticias.com\/index.php\/wp-json\/wp\/v2\/comments?post=141162"}],"version-history":[{"count":0,"href":"https:\/\/cdnoticias.com\/index.php\/wp-json\/wp\/v2\/posts\/141162\/revisions"}],"wp:attachment":[{"href":"https:\/\/cdnoticias.com\/index.php\/wp-json\/wp\/v2\/media?parent=141162"}],"wp:term":[{"taxonomy":"category","embeddable":true,"href":"https:\/\/cdnoticias.com\/index.php\/wp-json\/wp\/v2\/categories?post=141162"},{"taxonomy":"post_tag","embeddable":true,"href":"https:\/\/cdnoticias.com\/index.php\/wp-json\/wp\/v2\/tags?post=141162"}],"curies":[{"name":"wp","href":"https:\/\/api.w.org\/{rel}","templated":true}]}}