{"id":141151,"date":"2022-01-27T14:11:25","date_gmt":"2022-01-27T17:11:25","guid":{"rendered":"http:\/\/centraldeportes.com.ar\/?p=10848"},"modified":"2025-02-02T10:50:38","modified_gmt":"2025-02-02T13:50:38","slug":"el-leon-serrano-confirmo-a-sus-entrenadores-y-hara-su-presentacion","status":"publish","type":"post","link":"https:\/\/cdnoticias.com\/index.php\/2022\/01\/27\/el-leon-serrano-confirmo-a-sus-entrenadores-y-hara-su-presentacion\/","title":{"rendered":"El \u201cLe\u00f3n\u201d Serrano confirm\u00f3 a sus entrenadores y har\u00e1 su presentaci\u00f3n"},"content":{"rendered":"<p>En las \u00faltimas horas, la Comisi\u00f3n Directiva del Club San Mart\u00edn de Sierras Bayas confirm\u00f3 el staff de profesores que se har\u00e1n cargo del f\u00fatbol durante la temporada 2022 y en el transcurso del viernes se realizar\u00e1 la presentaci\u00f3n.<!--more--><\/p>\n<hr \/>\n<p>El \u201cLe\u00f3n serrano\u201d dio a conocer que se organiz\u00f3 una nueva Subcomisi\u00f3n de f\u00fatbol que encabezar\u00e1 David Priola y en sus primeras funciones, contrataron a Carlos \u201cNino\u201d Cirioli como el entrenador de Primera Divisi\u00f3n. Cirioli estar\u00e1 acompa\u00f1ado por N\u00e9stor Omar Arbildi como ayudante de campo.<\/p>\n<p>&nbsp;<\/p>\n<p>Adem\u00e1s, en divisiones formativas fueron confirmados Luis Calandra y Hern\u00e1n Anzuino como entrenadores, Facundo Becker como preparador f\u00edsico y el entrenador de arqueros ser\u00e1 Omar &#8220;Bavin&#8221; V\u00e1squez.<\/p>\n<p>&nbsp;<\/p>\n<p>Por otro lado se anunci\u00f3 que el pr\u00f3ximo viernes desde las 19:00 en el Pozo Serrano se realizar\u00e1 el lanzamiento de la temporada y la presentaci\u00f3n de los diferentes profesionales por lo que se invita a todos los deportistas, las familias y los interesados en colaborar con la Subcomisi\u00f3n.<\/p>\n","protected":false},"excerpt":{"rendered":"<p>En las \u00faltimas horas, la Comisi\u00f3n Directiva del Club San Mart\u00edn de Sierras Bayas confirm\u00f3 el staff de profesores que<\/p>\n","protected":false},"author":96739694,"featured_media":146611,"comment_status":"closed","ping_status":"closed","sticky":false,"template":"","format":"standard","meta":{"_jetpack_memberships_contains_paid_content":false,"footnotes":""},"categories":[35,40,1,41],"tags":[],"class_list":["post-141151","post","type-post","status-publish","format-standard","has-post-thumbnail","hentry","category-futbol","category-inferiores","category-portada","category-primera-y-reserva"],"jetpack_featured_media_url":"https:\/\/i0.wp.com\/cdnoticias.com\/wp-content\/uploads\/2022\/01\/48384792_10218881222648226_1055880897556905984_n.jpg?fit=1280%2C960&ssl=1","jetpack_sharing_enabled":true,"_links":{"self":[{"href":"https:\/\/cdnoticias.com\/index.php\/wp-json\/wp\/v2\/posts\/141151","targetHints":{"allow":["GET"]}}],"collection":[{"href":"https:\/\/cdnoticias.com\/index.php\/wp-json\/wp\/v2\/posts"}],"about":[{"href":"https:\/\/cdnoticias.com\/index.php\/wp-json\/wp\/v2\/types\/post"}],"author":[{"embeddable":true,"href":"https:\/\/cdnoticias.com\/index.php\/wp-json\/wp\/v2\/users\/96739694"}],"replies":[{"embeddable":true,"href":"https:\/\/cdnoticias.com\/index.php\/wp-json\/wp\/v2\/comments?post=141151"}],"version-history":[{"count":0,"href":"https:\/\/cdnoticias.com\/index.php\/wp-json\/wp\/v2\/posts\/141151\/revisions"}],"wp:featuredmedia":[{"embeddable":true,"href":"https:\/\/cdnoticias.com\/index.php\/wp-json\/wp\/v2\/media\/146611"}],"wp:attachment":[{"href":"https:\/\/cdnoticias.com\/index.php\/wp-json\/wp\/v2\/media?parent=141151"}],"wp:term":[{"taxonomy":"category","embeddable":true,"href":"https:\/\/cdnoticias.com\/index.php\/wp-json\/wp\/v2\/categories?post=141151"},{"taxonomy":"post_tag","embeddable":true,"href":"https:\/\/cdnoticias.com\/index.php\/wp-json\/wp\/v2\/tags?post=141151"}],"curies":[{"name":"wp","href":"https:\/\/api.w.org\/{rel}","templated":true}]}}