{"id":141147,"date":"2022-01-26T17:54:12","date_gmt":"2022-01-26T20:54:12","guid":{"rendered":"http:\/\/centraldeportes.com.ar\/?p=10824"},"modified":"2025-02-02T10:51:08","modified_gmt":"2025-02-02T13:51:08","slug":"fecha-hora-y-arbitro-confirmado-para-la-segunda-semi","status":"publish","type":"post","link":"https:\/\/cdnoticias.com\/index.php\/2022\/01\/26\/fecha-hora-y-arbitro-confirmado-para-la-segunda-semi\/","title":{"rendered":"Fecha, hora y \u00e1rbitro confirmado para la segunda \u201cSemi\u201d"},"content":{"rendered":"<p>Ferro viajar\u00e1 a La Pampa para enfrentar a Costa Brava en uno de los encuentros correspondiente a las Semifinales de la Regi\u00f3n Pampeana Sur del Torneo Regional Amateur y en la v\u00edspera se conocieron los detalles.<!--more--><\/p>\n<hr \/>\n<p>El encuentro entre Costa Brava y el \u201cCarbonero\u201d dar\u00e1 comienzo a las 19:00 del pr\u00f3ximo domingo en el \u201cNuevo Pacaemb\u00fa\u201d de General Pico y ser\u00e1 dirigido por Juan Ignacio Nebbietti de R\u00edo Colorado. El juez estar\u00e1 acompa\u00f1ado por Emiliano Bustos (R\u00edo Colorado) y kelvin Bustos (Bah\u00eda Blanca).<\/p>\n<p>&nbsp;<\/p>\n<p>Tras igualar 0 a 0 en el Domingo Colasurdo, los olavarrienses deben ganar para acceder a la definici\u00f3n donde chocar\u00e1n con el ganador del cotejo entre Liniers de Bah\u00eda Blanca e Independiente de San Cayetano que se jugar\u00e1 desde las 20:30 del mismo domingo.<\/p>\n<p>&nbsp;<\/p>\n","protected":false},"excerpt":{"rendered":"<p>Ferro viajar\u00e1 a La Pampa para enfrentar a Costa Brava en uno de los encuentros correspondiente a las Semifinales de<\/p>\n","protected":false},"author":96739694,"featured_media":0,"comment_status":"closed","ping_status":"closed","sticky":false,"template":"","format":"standard","meta":{"_jetpack_memberships_contains_paid_content":false,"footnotes":""},"categories":[35,1,54],"tags":[],"class_list":["post-141147","post","type-post","status-publish","format-standard","hentry","category-futbol","category-portada","category-torneo-regional-amateur"],"jetpack_featured_media_url":"","jetpack_sharing_enabled":true,"_links":{"self":[{"href":"https:\/\/cdnoticias.com\/index.php\/wp-json\/wp\/v2\/posts\/141147","targetHints":{"allow":["GET"]}}],"collection":[{"href":"https:\/\/cdnoticias.com\/index.php\/wp-json\/wp\/v2\/posts"}],"about":[{"href":"https:\/\/cdnoticias.com\/index.php\/wp-json\/wp\/v2\/types\/post"}],"author":[{"embeddable":true,"href":"https:\/\/cdnoticias.com\/index.php\/wp-json\/wp\/v2\/users\/96739694"}],"replies":[{"embeddable":true,"href":"https:\/\/cdnoticias.com\/index.php\/wp-json\/wp\/v2\/comments?post=141147"}],"version-history":[{"count":0,"href":"https:\/\/cdnoticias.com\/index.php\/wp-json\/wp\/v2\/posts\/141147\/revisions"}],"wp:attachment":[{"href":"https:\/\/cdnoticias.com\/index.php\/wp-json\/wp\/v2\/media?parent=141147"}],"wp:term":[{"taxonomy":"category","embeddable":true,"href":"https:\/\/cdnoticias.com\/index.php\/wp-json\/wp\/v2\/categories?post=141147"},{"taxonomy":"post_tag","embeddable":true,"href":"https:\/\/cdnoticias.com\/index.php\/wp-json\/wp\/v2\/tags?post=141147"}],"curies":[{"name":"wp","href":"https:\/\/api.w.org\/{rel}","templated":true}]}}