{"id":141140,"date":"2022-01-25T19:24:03","date_gmt":"2022-01-25T22:24:03","guid":{"rendered":"http:\/\/centraldeportes.com.ar\/?p=10800"},"modified":"2025-02-02T10:43:04","modified_gmt":"2025-02-02T13:43:04","slug":"la-copa-ciudad-olavarria-tiene-campeones-en-las-impares","status":"publish","type":"post","link":"https:\/\/cdnoticias.com\/index.php\/2022\/01\/25\/la-copa-ciudad-olavarria-tiene-campeones-en-las-impares\/","title":{"rendered":"La \u201cCopa Ciudad Olavarr\u00eda\u201d tiene campeones en las Impares"},"content":{"rendered":"<p>La competencia Regional organizada por la Agrupaci\u00f3n de P\u00e1del Olavarriense tuvo entre s\u00e1bado y domingo la disputa para las categor\u00edas Impares.<!--more--><\/p>\n<hr \/>\n<p>En lo que respecta a resultados los campeones de Tercera Caballeros fueron Nicol\u00e1s Iturregui y Bernardo Rao que derrotaron en la final en sets corridos a Jos\u00e9 D\u00edaz y Jonathan Domelio por 6\/1 y\u00a07\/6.<\/p>\n<p>&nbsp;<\/p>\n<p>Facundo Santill\u00e1n y Manuel Zulaica se quedaron con el t\u00edtulo en Quinta Caballeros al superar en un gran partido a Jorge R\u00edos y Juli\u00e1n Larrieu por un resultado final de 6\/3 4\/6 y 6\/4.<\/p>\n<p>&nbsp;<\/p>\n<p>S\u00e9ptima Damas qued\u00f3 para Valeria Da R\u00edos y Agustina Aranzazu que batallaron para campeonar durante tres sets frente a Guadalupe Esnal y Emilia Dietzel en un resultado final de 5\/7 7\/6 y 6\/2.<\/p>\n<p>&nbsp;<\/p>\n<p><img data-recalc-dims=\"1\" loading=\"lazy\" decoding=\"async\" class=\"aligncenter size-full wp-image-10801\" src=\"https:\/\/i0.wp.com\/centraldeportes.com.ar\/wp-content\/uploads\/2022\/01\/272199915_220022807009531_6083158846172677389_n-e1643149371255.jpg?resize=800%2C509\" alt=\"\" width=\"800\" height=\"509\" \/><\/p>\n<p>&nbsp;<\/p>\n<p>Por \u00faltimo, en S\u00e9ptima Caballeros, los campeones fueron Daniel Herrera y Fani Piecente que super\u00f3 en tres sets al binomio compuesto por Sebasti\u00e1n Porras y Federico Morey por 6\/2 5\/7 y 6\/2.<\/p>\n","protected":false},"excerpt":{"rendered":"<p>La competencia Regional organizada por la Agrupaci\u00f3n de P\u00e1del Olavarriense tuvo entre s\u00e1bado y domingo la disputa para las categor\u00edas<\/p>\n","protected":false},"author":96739694,"featured_media":146549,"comment_status":"closed","ping_status":"closed","sticky":false,"template":"","format":"standard","meta":{"_jetpack_memberships_contains_paid_content":false,"footnotes":""},"categories":[30,1],"tags":[],"class_list":["post-141140","post","type-post","status-publish","format-standard","has-post-thumbnail","hentry","category-polideportivo","category-portada"],"jetpack_featured_media_url":"https:\/\/i0.wp.com\/cdnoticias.com\/wp-content\/uploads\/2022\/01\/272154982_220054190339726_7091581790455353404_n-e1643149420417.jpg?fit=1080%2C766&ssl=1","jetpack_sharing_enabled":true,"_links":{"self":[{"href":"https:\/\/cdnoticias.com\/index.php\/wp-json\/wp\/v2\/posts\/141140","targetHints":{"allow":["GET"]}}],"collection":[{"href":"https:\/\/cdnoticias.com\/index.php\/wp-json\/wp\/v2\/posts"}],"about":[{"href":"https:\/\/cdnoticias.com\/index.php\/wp-json\/wp\/v2\/types\/post"}],"author":[{"embeddable":true,"href":"https:\/\/cdnoticias.com\/index.php\/wp-json\/wp\/v2\/users\/96739694"}],"replies":[{"embeddable":true,"href":"https:\/\/cdnoticias.com\/index.php\/wp-json\/wp\/v2\/comments?post=141140"}],"version-history":[{"count":0,"href":"https:\/\/cdnoticias.com\/index.php\/wp-json\/wp\/v2\/posts\/141140\/revisions"}],"wp:featuredmedia":[{"embeddable":true,"href":"https:\/\/cdnoticias.com\/index.php\/wp-json\/wp\/v2\/media\/146549"}],"wp:attachment":[{"href":"https:\/\/cdnoticias.com\/index.php\/wp-json\/wp\/v2\/media?parent=141140"}],"wp:term":[{"taxonomy":"category","embeddable":true,"href":"https:\/\/cdnoticias.com\/index.php\/wp-json\/wp\/v2\/categories?post=141140"},{"taxonomy":"post_tag","embeddable":true,"href":"https:\/\/cdnoticias.com\/index.php\/wp-json\/wp\/v2\/tags?post=141140"}],"curies":[{"name":"wp","href":"https:\/\/api.w.org\/{rel}","templated":true}]}}