{"id":141138,"date":"2022-01-25T16:58:58","date_gmt":"2022-01-25T19:58:58","guid":{"rendered":"http:\/\/centraldeportes.com.ar\/?p=10792"},"modified":"2025-02-02T10:43:15","modified_gmt":"2025-02-02T13:43:15","slug":"hinojo-tiene-dt-confirmo-a-cesar-arbio","status":"publish","type":"post","link":"https:\/\/cdnoticias.com\/index.php\/2022\/01\/25\/hinojo-tiene-dt-confirmo-a-cesar-arbio\/","title":{"rendered":"Hinojo tiene DT, confirm\u00f3 a C\u00e9sar Arb\u00edo"},"content":{"rendered":"<p>Tras su salida de Ferro, C\u00e9sar Arb\u00edo arregl\u00f3 condiciones y se preparar\u00e1 para dirigir al Club Atl\u00e9tico Hinojo.<!--more--><\/p>\n<hr \/>\n<p>La Comisi\u00f3n Directiva del \u201calbiverde\u201d oficializ\u00f3 la contrataci\u00f3n del experimentado entrenador local para hacerse cargo del plantel de Primera Divisi\u00f3n en las \u00faltimas horas del lunes.<\/p>\n<p>&nbsp;<\/p>\n<p>Arb\u00edo a\u00fan no ha confirmado a su ayudante de campo y a su preparador f\u00edsico, pero espera contar con los profesionales de cara al inicio de la pretemporada pensando en el inicio del Torneo Clausura de la Liga de F\u00fatbol de Olavarr\u00eda.<\/p>\n<p>&nbsp;<\/p>\n<p>Adem\u00e1s, la entidad presidida por Ariel Arce confirm\u00f3 a quienes estar\u00e1n a cargo de las categor\u00edas formativas que tendr\u00e1n como coordinador a Joel Machis. Franco Hammerschmidt, Facundo Ferreyra y Gabriel Merola ser\u00e1n los profesores.<\/p>\n","protected":false},"excerpt":{"rendered":"<p>Tras su salida de Ferro, C\u00e9sar Arb\u00edo arregl\u00f3 condiciones y se preparar\u00e1 para dirigir al Club Atl\u00e9tico Hinojo.<\/p>\n","protected":false},"author":96739694,"featured_media":146557,"comment_status":"closed","ping_status":"closed","sticky":false,"template":"","format":"standard","meta":{"_jetpack_memberships_contains_paid_content":false,"footnotes":""},"categories":[35,1,41],"tags":[],"class_list":["post-141138","post","type-post","status-publish","format-standard","has-post-thumbnail","hentry","category-futbol","category-portada","category-primera-y-reserva"],"jetpack_featured_media_url":"https:\/\/i0.wp.com\/cdnoticias.com\/wp-content\/uploads\/2022\/01\/271586136_2981582265488604_2458458326058017365_n-e1643140732247.jpg?fit=720%2C491&ssl=1","jetpack_sharing_enabled":true,"_links":{"self":[{"href":"https:\/\/cdnoticias.com\/index.php\/wp-json\/wp\/v2\/posts\/141138","targetHints":{"allow":["GET"]}}],"collection":[{"href":"https:\/\/cdnoticias.com\/index.php\/wp-json\/wp\/v2\/posts"}],"about":[{"href":"https:\/\/cdnoticias.com\/index.php\/wp-json\/wp\/v2\/types\/post"}],"author":[{"embeddable":true,"href":"https:\/\/cdnoticias.com\/index.php\/wp-json\/wp\/v2\/users\/96739694"}],"replies":[{"embeddable":true,"href":"https:\/\/cdnoticias.com\/index.php\/wp-json\/wp\/v2\/comments?post=141138"}],"version-history":[{"count":0,"href":"https:\/\/cdnoticias.com\/index.php\/wp-json\/wp\/v2\/posts\/141138\/revisions"}],"wp:featuredmedia":[{"embeddable":true,"href":"https:\/\/cdnoticias.com\/index.php\/wp-json\/wp\/v2\/media\/146557"}],"wp:attachment":[{"href":"https:\/\/cdnoticias.com\/index.php\/wp-json\/wp\/v2\/media?parent=141138"}],"wp:term":[{"taxonomy":"category","embeddable":true,"href":"https:\/\/cdnoticias.com\/index.php\/wp-json\/wp\/v2\/categories?post=141138"},{"taxonomy":"post_tag","embeddable":true,"href":"https:\/\/cdnoticias.com\/index.php\/wp-json\/wp\/v2\/tags?post=141138"}],"curies":[{"name":"wp","href":"https:\/\/api.w.org\/{rel}","templated":true}]}}