{"id":141135,"date":"2022-01-24T21:57:48","date_gmt":"2022-01-25T00:57:48","guid":{"rendered":"http:\/\/centraldeportes.com.ar\/?p=10783"},"modified":"2025-02-02T10:43:33","modified_gmt":"2025-02-02T13:43:33","slug":"medio-siglo-de-historia-para-el-proyecto-de-la-regionalizacion","status":"publish","type":"post","link":"https:\/\/cdnoticias.com\/index.php\/2022\/01\/24\/medio-siglo-de-historia-para-el-proyecto-de-la-regionalizacion\/","title":{"rendered":"Medio siglo de historia para el proyecto de la regionalizaci\u00f3n"},"content":{"rendered":"<p>El experimentado periodista Carlos Antonio Zangara realiz\u00f3 recientemente\u00a0 una rese\u00f1a del proyecto de regionalizaci\u00f3n del f\u00fatbol que tendr\u00eda una nueva chance desde el pr\u00f3ximo mes de marzo e incluir\u00eda a las Ligas de Olavarr\u00eda, Bol\u00edvar y Laprida.<!--more--><\/p>\n<hr \/>\n<p>D\u00edas atr\u00e1s hubo<a href=\"http:\/\/centraldeportes.com.ar\/olavarria-laprida-y-bolivar-nuevamente-juntos-se-viene-la-regionalizacion\/\"> reuni\u00f3n entre las tres ligas<\/a> para terminar de definir el Torneo Regional que comenzar\u00eda en el mes de marzo y si bien en la Liga que preside Javier Fr\u00edas ya se aprob\u00f3 su realizaci\u00f3n, resta el ok de las ligas de Laprida y Bol\u00edvar, pero mientras se aguarda la resoluci\u00f3n, se dio a conocer una rese\u00f1a sobre la \u201cregionalizaci\u00f3n del f\u00fatbol: un proyecto que cumple medio siglo\u201d.<\/p>\n<p>&nbsp;<\/p>\n<p>El texto completo publicado en Emblema Deportivo: \u201c<em>Rese\u00f1a de una ambiciosa idea que comenz\u00f3 a gestarse en los albores de la d\u00e9cada del setenta por el entonces titular de la Liga de Tandil, Luis Mestel\u00e1n.<\/em><\/p>\n<p><em>El proyecto de regionalizaci\u00f3n que han encarado las autoridades liguistas de Olavarr\u00eda, Laprida y Bol\u00edvar, actualiza las recordadas ideas que en tal sentido comenzaron a gestarse hace 50 a\u00f1os. S\u00ed, \u00a0medio siglo.<\/em><\/p>\n<p><em>Es importante rese\u00f1ar que en la d\u00e9cada del noventa hubo\u00a0dos torneos en tal sentido y que por distintos motivos no pudieron\u00a0consolidarse.<\/em><\/p>\n<p><em>En los albores de la d\u00e9cada del setenta un dirigente con ideas renovadoras por aquellas \u00e9pocas como fue Luis Mestel\u00e1n, presidente de la Liga Tandilense de F\u00fatbol, \u00a0muy cercano a Julio Grondona, titular de AFA, intent\u00f3 fusionar la competencia entre las ciudades de Tandil, Azul y Olavarr\u00eda.<\/em><\/p>\n<p><em>Reiteradas visitas a ambas Ligas fueron testigos de las prolongadas reuniones que con el presidente Alaimo de la Liga de Azul y con N\u00e9stor Di Giano, un hist\u00f3rico Secretario Rentado de la Liga de F\u00fatbol de Olavarr\u00eda (ten\u00eda m\u00e1s poder de decisi\u00f3n que los propios dirigentes), intentaron esbozar un proyecto que inclusive intentaba fusionar las tres ligas.<\/em><\/p>\n<p><em>Desde las p\u00e1ginas deportivas del Diario El Popular, un por entonces muy inquieto periodista deportivo como Jos\u00e9 Lucio \u201cPopa\u201d Paramio (luego dirigente de Racing), fogoneaba la idea con el prop\u00f3sito de inculcar las bondades que pregonaba Mestel\u00e1n, seduciendo desde el peri\u00f3dico a los simpatizantes y por ende a los dirigentes de los clubes.<\/em><\/p>\n<p><em>Pese a los esfuerzos denodados de los citados, y haciendo hincapi\u00e9 que en gran parte del pa\u00eds las fusiones de los torneos ya exist\u00edan, la iniciativa no cuaj\u00f3.<\/em><\/p>\n<p><em>La posibilidad de unificar las ligas apareci\u00f3 como un proyecto demasiado ambicioso para la \u00e9poca, los intereses institucionales primaron en las encuestas realizadas, y el proyecto qued\u00f3 trunco m\u00e1s que nada por la inalterable negativa de los dirigentes de los\u00a0clubes grandes de las tres ciudades en cuesti\u00f3n.<\/em><\/p>\n<p><em>La realizaci\u00f3n de los incipientes Torneos Regionales que bajaban desde \u00a0Consejo Federal terminaron con la audaz intenci\u00f3n propulsada por Luis Mestel\u00e1n.<\/em><\/p>\n<p><em>M\u00e1s ac\u00e1 en el tiempo, en la dilatada gesti\u00f3n de Oscar Dur\u00e1n como presidente de la Liga de F\u00fatbol de Olavarr\u00eda se intent\u00f3 reflotar la idea de regionalizar, aunque con otros formatos y otras ciudades sum\u00e1ndose, pero nunca pudo concretarse.<\/em><\/p>\n<p><em>Una de las premisas del actual conductor de la casa de la calle Dorrego, Javier Fr\u00edas, es pragmatizar la regionalizaci\u00f3n y varias reuniones con diferentes autoridades liguistas parecieran que tendr\u00edan sus frutos.<\/em><\/p>\n<p><em>Por lo visto en esta nueva reuni\u00f3n presencial, aquel prop\u00f3sito de medio siglo atr\u00e1s \u00a0de \u201cLucho\u201d Mestel\u00e1n, aunque con otras caracter\u00edsticas y protagonistas, \u00a0puede llegar a convertirse en realidad<\/em>\u201d.<\/p>\n","protected":false},"excerpt":{"rendered":"<p>El experimentado periodista Carlos Antonio Zangara realiz\u00f3 recientemente\u00a0 una rese\u00f1a del proyecto de regionalizaci\u00f3n del f\u00fatbol que tendr\u00eda una nueva<\/p>\n","protected":false},"author":96739694,"featured_media":146568,"comment_status":"closed","ping_status":"closed","sticky":false,"template":"","format":"standard","meta":{"_jetpack_memberships_contains_paid_content":false,"footnotes":""},"categories":[35,1,41],"tags":[],"class_list":["post-141135","post","type-post","status-publish","format-standard","has-post-thumbnail","hentry","category-futbol","category-portada","category-primera-y-reserva"],"jetpack_featured_media_url":"https:\/\/i0.wp.com\/cdnoticias.com\/wp-content\/uploads\/2022\/01\/517-777x437.jpg?fit=777%2C437&ssl=1","jetpack_sharing_enabled":true,"_links":{"self":[{"href":"https:\/\/cdnoticias.com\/index.php\/wp-json\/wp\/v2\/posts\/141135","targetHints":{"allow":["GET"]}}],"collection":[{"href":"https:\/\/cdnoticias.com\/index.php\/wp-json\/wp\/v2\/posts"}],"about":[{"href":"https:\/\/cdnoticias.com\/index.php\/wp-json\/wp\/v2\/types\/post"}],"author":[{"embeddable":true,"href":"https:\/\/cdnoticias.com\/index.php\/wp-json\/wp\/v2\/users\/96739694"}],"replies":[{"embeddable":true,"href":"https:\/\/cdnoticias.com\/index.php\/wp-json\/wp\/v2\/comments?post=141135"}],"version-history":[{"count":0,"href":"https:\/\/cdnoticias.com\/index.php\/wp-json\/wp\/v2\/posts\/141135\/revisions"}],"wp:featuredmedia":[{"embeddable":true,"href":"https:\/\/cdnoticias.com\/index.php\/wp-json\/wp\/v2\/media\/146568"}],"wp:attachment":[{"href":"https:\/\/cdnoticias.com\/index.php\/wp-json\/wp\/v2\/media?parent=141135"}],"wp:term":[{"taxonomy":"category","embeddable":true,"href":"https:\/\/cdnoticias.com\/index.php\/wp-json\/wp\/v2\/categories?post=141135"},{"taxonomy":"post_tag","embeddable":true,"href":"https:\/\/cdnoticias.com\/index.php\/wp-json\/wp\/v2\/tags?post=141135"}],"curies":[{"name":"wp","href":"https:\/\/api.w.org\/{rel}","templated":true}]}}