{"id":141134,"date":"2022-01-24T21:23:15","date_gmt":"2022-01-25T00:23:15","guid":{"rendered":"http:\/\/centraldeportes.com.ar\/?p=10779"},"modified":"2025-02-02T10:43:38","modified_gmt":"2025-02-02T13:43:38","slug":"dos-olavarrienses-de-pretemporada-en-sarmiento","status":"publish","type":"post","link":"https:\/\/cdnoticias.com\/index.php\/2022\/01\/24\/dos-olavarrienses-de-pretemporada-en-sarmiento\/","title":{"rendered":"Dos olavarrienses de pretemporada en Sarmiento"},"content":{"rendered":"<p>Francisco Carneri y Esteban G\u00f3mez iniciaron, d\u00edas atr\u00e1s, la pretemporada con la Quinta Divisi\u00f3n de Sarmiento.<!--more--><\/p>\n<hr \/>\n<p>Carneri y G\u00f3mez iniciaron las pr\u00e1cticas a \u00f3rdenes de Walter &#8220;Kichi&#8221; Nievas, DT de la Quinta Divisi\u00f3n del \u201cVerde\u201d y se transformaron en nuevos jugadores del elenco juninense.<\/p>\n<p>&nbsp;<\/p>\n<p>Los olavarrienses registran paso por el Club Embajadores, aunque G\u00f3mez es surgido en El Fort\u00edn.<\/p>\n","protected":false},"excerpt":{"rendered":"<p>Francisco Carneri y Esteban G\u00f3mez iniciaron, d\u00edas atr\u00e1s, la pretemporada con la Quinta Divisi\u00f3n de Sarmiento.<\/p>\n","protected":false},"author":96739694,"featured_media":146572,"comment_status":"closed","ping_status":"closed","sticky":false,"template":"","format":"standard","meta":{"_jetpack_memberships_contains_paid_content":false,"footnotes":""},"categories":[35,40,1],"tags":[],"class_list":["post-141134","post","type-post","status-publish","format-standard","has-post-thumbnail","hentry","category-futbol","category-inferiores","category-portada"],"jetpack_featured_media_url":"https:\/\/i0.wp.com\/cdnoticias.com\/wp-content\/uploads\/2022\/01\/WhatsApp-Image-2022-01-24-at-21.28.46.jpeg?fit=562%2C409&ssl=1","jetpack_sharing_enabled":true,"_links":{"self":[{"href":"https:\/\/cdnoticias.com\/index.php\/wp-json\/wp\/v2\/posts\/141134","targetHints":{"allow":["GET"]}}],"collection":[{"href":"https:\/\/cdnoticias.com\/index.php\/wp-json\/wp\/v2\/posts"}],"about":[{"href":"https:\/\/cdnoticias.com\/index.php\/wp-json\/wp\/v2\/types\/post"}],"author":[{"embeddable":true,"href":"https:\/\/cdnoticias.com\/index.php\/wp-json\/wp\/v2\/users\/96739694"}],"replies":[{"embeddable":true,"href":"https:\/\/cdnoticias.com\/index.php\/wp-json\/wp\/v2\/comments?post=141134"}],"version-history":[{"count":0,"href":"https:\/\/cdnoticias.com\/index.php\/wp-json\/wp\/v2\/posts\/141134\/revisions"}],"wp:featuredmedia":[{"embeddable":true,"href":"https:\/\/cdnoticias.com\/index.php\/wp-json\/wp\/v2\/media\/146572"}],"wp:attachment":[{"href":"https:\/\/cdnoticias.com\/index.php\/wp-json\/wp\/v2\/media?parent=141134"}],"wp:term":[{"taxonomy":"category","embeddable":true,"href":"https:\/\/cdnoticias.com\/index.php\/wp-json\/wp\/v2\/categories?post=141134"},{"taxonomy":"post_tag","embeddable":true,"href":"https:\/\/cdnoticias.com\/index.php\/wp-json\/wp\/v2\/tags?post=141134"}],"curies":[{"name":"wp","href":"https:\/\/api.w.org\/{rel}","templated":true}]}}