{"id":141130,"date":"2022-01-24T15:39:27","date_gmt":"2022-01-24T18:39:27","guid":{"rendered":"http:\/\/centraldeportes.com.ar\/?p=10763"},"modified":"2025-02-02T10:40:22","modified_gmt":"2025-02-02T13:40:22","slug":"battigelli-y-ferreira-otra-vez-titulares-en-el-amistoso-de-uai-urquiza","status":"publish","type":"post","link":"https:\/\/cdnoticias.com\/index.php\/2022\/01\/24\/battigelli-y-ferreira-otra-vez-titulares-en-el-amistoso-de-uai-urquiza\/","title":{"rendered":"Battigelli y Ferreira, titulares en el amistoso de UAI Urquiza"},"content":{"rendered":"<p>El pasado s\u00e1bado, en Rancho Taxco, UAI Urquiza recibi\u00f3 a Platense con Carlos Battigelli y Maximiliano Ferreira como titulares.<!--more--><\/p>\n<hr \/>\n<p>UAI Urquiza recibi\u00f3 en Rancho Taxco al Calamar, en una jornada que\u00a0arroj\u00f3 un empate 1 a 1 en el partido de los titulares y un triunfo local por 5-0 en el duelo de los suplentes.<\/p>\n<p>&nbsp;<\/p>\n<p>Tal como en la jornada del pasado martes con Estudiantes de R\u00edo Cuarto, se jugaron dos partidos conformados por dos tiempos de 25 minutos cada uno y la lluvia volvi\u00f3 a hacerse presente para acompa\u00f1ar la acci\u00f3n.<\/p>\n<p>&nbsp;<\/p>\n<p>Mauro Ruggiero, Maximiliano Ferreira, Leandro Caballero, Rub\u00e9n Zamponi, Franco C\u00f3rdoba, Carlos Battigelli, Iv\u00e1n Paredes, Santiago Prim, Nicol\u00e1s Fern\u00e1ndez, Ezequiel Vidal y Fernando Gim\u00e9nez integraron el once titular del primer encuentro, el cual se present\u00f3 complicado para el Furg\u00f3n en un comienzo.<\/p>\n<p>&nbsp;<\/p>\n<p>UAI Urquiza cont\u00f3 con algunas ocasiones para igualar el marcador pero no fue hasta la entrada de Ismael Ortiz en el segundo tiempo que lleg\u00f3 el 1 a 1.<\/p>\n<p>&nbsp;<\/p>\n<p>El resultado no se volvi\u00f3 a mover y de esta forma finaliz\u00f3 la primera parte de f\u00fatbol de la ma\u00f1ana.<\/p>\n<p>&nbsp;<\/p>\n<p>Con sensaciones m\u00e1s que positivas se cerr\u00f3 la jornada para el elenco comandado por Alejandro Riveros que descansar\u00e1 durante el d\u00eda domingo y volver\u00e1 a entrenarse el lunes de cara a m\u00e1s acci\u00f3n en su pretemporada. Est\u00e1n pautados los amistosos con El Porvenir el d\u00eda mi\u00e9rcoles 26 y con Deportivo Laferrere el s\u00e1bado 29.<\/p>\n","protected":false},"excerpt":{"rendered":"<p>El pasado s\u00e1bado, en Rancho Taxco, UAI Urquiza recibi\u00f3 a Platense con Carlos Battigelli y Maximiliano Ferreira como titulares.<\/p>\n","protected":false},"author":96739694,"featured_media":0,"comment_status":"closed","ping_status":"closed","sticky":false,"template":"","format":"standard","meta":{"_jetpack_memberships_contains_paid_content":false,"footnotes":""},"categories":[35,37,1],"tags":[],"class_list":["post-141130","post","type-post","status-publish","format-standard","hentry","category-futbol","category-futbol-profesional","category-portada"],"jetpack_featured_media_url":"","jetpack_sharing_enabled":true,"_links":{"self":[{"href":"https:\/\/cdnoticias.com\/index.php\/wp-json\/wp\/v2\/posts\/141130","targetHints":{"allow":["GET"]}}],"collection":[{"href":"https:\/\/cdnoticias.com\/index.php\/wp-json\/wp\/v2\/posts"}],"about":[{"href":"https:\/\/cdnoticias.com\/index.php\/wp-json\/wp\/v2\/types\/post"}],"author":[{"embeddable":true,"href":"https:\/\/cdnoticias.com\/index.php\/wp-json\/wp\/v2\/users\/96739694"}],"replies":[{"embeddable":true,"href":"https:\/\/cdnoticias.com\/index.php\/wp-json\/wp\/v2\/comments?post=141130"}],"version-history":[{"count":0,"href":"https:\/\/cdnoticias.com\/index.php\/wp-json\/wp\/v2\/posts\/141130\/revisions"}],"wp:attachment":[{"href":"https:\/\/cdnoticias.com\/index.php\/wp-json\/wp\/v2\/media?parent=141130"}],"wp:term":[{"taxonomy":"category","embeddable":true,"href":"https:\/\/cdnoticias.com\/index.php\/wp-json\/wp\/v2\/categories?post=141130"},{"taxonomy":"post_tag","embeddable":true,"href":"https:\/\/cdnoticias.com\/index.php\/wp-json\/wp\/v2\/tags?post=141130"}],"curies":[{"name":"wp","href":"https:\/\/api.w.org\/{rel}","templated":true}]}}