{"id":141119,"date":"2022-01-21T19:00:44","date_gmt":"2022-01-21T22:00:44","guid":{"rendered":"http:\/\/centraldeportes.com.ar\/?p=10712"},"modified":"2025-02-02T02:50:23","modified_gmt":"2025-02-02T05:50:23","slug":"loma-negra-da-inicio-a-la-pretemporada","status":"publish","type":"post","link":"https:\/\/cdnoticias.com\/index.php\/2022\/01\/21\/loma-negra-da-inicio-a-la-pretemporada\/","title":{"rendered":"Loma Negra da inicio a la pretemporada"},"content":{"rendered":"<p>Tras confirmar el arribo de Luciano Bilbao a cargo de los planteles superiores, el f\u00fatbol de Loma Negra anunci\u00f3 que dan inicio a la pretemporada en el transcurso de la pr\u00f3xima semana.<!--more--><\/p>\n<hr \/>\n<p>Los representantes del \u201cCeleste\u201d terminaron con sus vacaciones y el pr\u00f3ximo lunes desde las 19:00 iniciar\u00e1n las actividades en Inferiores, mientras que un d\u00eda m\u00e1s tarde lo har\u00e1n en Quinta, Reserva y Primera Divisi\u00f3n donde se realizar\u00e1 la presentaci\u00f3n del nuevo DT.<\/p>\n<p>&nbsp;<\/p>\n<p>D\u00e9cima Divisi\u00f3n, Novena, Octava, S\u00e9ptima y Sexta deber\u00e1n presentarse el pr\u00f3ximo lunes 24 a partir de las 19.00 hs y Quinta, Reserva y Primera comenzar\u00e1n la pretemporada el d\u00eda martes 25 a partir de las 20.15 hs.<\/p>\n<p>&nbsp;<\/p>\n<p>En tanto, los equipos de trabajo quedaron conformados:<\/p>\n<p>&nbsp;<\/p>\n<p>1\u00b0 Divisi\u00f3n &#8211; Reserva &#8211; 5\u00b0 Divisi\u00f3n: Luciano Bilbao DT, Sebasti\u00e1n Fazio PF, Ignacio Salazar AC<\/p>\n<p>6\u00b0 y 7\u00b0 Divisi\u00f3n: Ignacio Salazar DT y Jos\u00e9 Ragg PF<\/p>\n<p>8\u00b0 Divisi\u00f3n: Fabricio Ceccarelli DT y Magdalena Angueira PF<\/p>\n<p>10\u00b0 y 9\u00b0 Divisi\u00f3n: Agust\u00edn Etchebehere DT y Magdalena Angueira PF<\/p>\n<p>Entrenador de arqueros: Carlos &#8220;Polaco&#8221; Mortl<\/p>\n<p>Coordinador Inferiores: Agust\u00edn Etchebehere<\/p>\n","protected":false},"excerpt":{"rendered":"<p>Tras confirmar el arribo de Luciano Bilbao a cargo de los planteles superiores, el f\u00fatbol de Loma Negra anunci\u00f3 que<\/p>\n","protected":false},"author":96739694,"featured_media":145130,"comment_status":"closed","ping_status":"closed","sticky":false,"template":"","format":"standard","meta":{"_jetpack_memberships_contains_paid_content":false,"footnotes":""},"categories":[35,40,1],"tags":[],"class_list":["post-141119","post","type-post","status-publish","format-standard","has-post-thumbnail","hentry","category-futbol","category-inferiores","category-portada"],"jetpack_featured_media_url":"https:\/\/i0.wp.com\/cdnoticias.com\/wp-content\/uploads\/2021\/11\/WhatsApp-Image-2021-11-30-at-23.10.02.jpeg?fit=1280%2C960&ssl=1","jetpack_sharing_enabled":true,"_links":{"self":[{"href":"https:\/\/cdnoticias.com\/index.php\/wp-json\/wp\/v2\/posts\/141119","targetHints":{"allow":["GET"]}}],"collection":[{"href":"https:\/\/cdnoticias.com\/index.php\/wp-json\/wp\/v2\/posts"}],"about":[{"href":"https:\/\/cdnoticias.com\/index.php\/wp-json\/wp\/v2\/types\/post"}],"author":[{"embeddable":true,"href":"https:\/\/cdnoticias.com\/index.php\/wp-json\/wp\/v2\/users\/96739694"}],"replies":[{"embeddable":true,"href":"https:\/\/cdnoticias.com\/index.php\/wp-json\/wp\/v2\/comments?post=141119"}],"version-history":[{"count":0,"href":"https:\/\/cdnoticias.com\/index.php\/wp-json\/wp\/v2\/posts\/141119\/revisions"}],"wp:featuredmedia":[{"embeddable":true,"href":"https:\/\/cdnoticias.com\/index.php\/wp-json\/wp\/v2\/media\/145130"}],"wp:attachment":[{"href":"https:\/\/cdnoticias.com\/index.php\/wp-json\/wp\/v2\/media?parent=141119"}],"wp:term":[{"taxonomy":"category","embeddable":true,"href":"https:\/\/cdnoticias.com\/index.php\/wp-json\/wp\/v2\/categories?post=141119"},{"taxonomy":"post_tag","embeddable":true,"href":"https:\/\/cdnoticias.com\/index.php\/wp-json\/wp\/v2\/tags?post=141119"}],"curies":[{"name":"wp","href":"https:\/\/api.w.org\/{rel}","templated":true}]}}