{"id":141116,"date":"2022-01-21T16:11:39","date_gmt":"2022-01-21T19:11:39","guid":{"rendered":"http:\/\/centraldeportes.com.ar\/?p=10704"},"modified":"2025-02-02T02:50:43","modified_gmt":"2025-02-02T05:50:43","slug":"olavarria-laprida-y-bolivar-nuevamente-juntos-se-viene-la-regionalizacion","status":"publish","type":"post","link":"https:\/\/cdnoticias.com\/index.php\/2022\/01\/21\/olavarria-laprida-y-bolivar-nuevamente-juntos-se-viene-la-regionalizacion\/","title":{"rendered":"Olavarr\u00eda, Laprida y Bol\u00edvar juntos: se viene la regionalizaci\u00f3n"},"content":{"rendered":"<p>Tras una reuni\u00f3n realizada d\u00edas atr\u00e1s en las instalaciones del Club Ferro, las Ligas de Olavarr\u00eda, Laprida y Bol\u00edvar est\u00e1n cada vez m\u00e1s cerca de lograr una competencia regional para la Primera Divisi\u00f3n, Sub17 ySub15.<!--more--><\/p>\n<hr \/>\n<p>El pr\u00f3ximo mes de marzo dar\u00eda comienzo el Torneo Regional, no obligatorio pero s\u00ed deber\u00e1 ser aceptada por los equipos de las tres entidades interesadas que se reunieron en el Club Ferro donde adem\u00e1s de hablar del certamen compartieron una cena.<\/p>\n<p>&nbsp;<\/p>\n<p>El formato de disputa establecer\u00eda que se jugar\u00eda cada 21 d\u00edas y en forma simult\u00e1nea con\u00a0 los cert\u00e1menes de cada Liga, comprometi\u00e9ndose las\u00a0 citadas ligas a adecuar su calendario a esta competencia. De acuerdo al n\u00famero de inscriptos (habr\u00e1 plazo hasta el 31 de marzo para confirmar),\u00a0 la idea es dividirlos en zonas de cuatro.<\/p>\n<p>&nbsp;<\/p>\n<p>Por Olavarr\u00eda dijeron presente el presidente de la Liga de F\u00fatbol de Olavarr\u00eda Javier Fr\u00edas, \u00a0Pablo Palahy y H\u00e9ctor Aller y los presidentes de los clubes Estudiantes, Racing, Ferro, El Fort\u00edn y Embajadores y arribaron los presidentes de las Ligas de Laprida y Bol\u00edvar -Marcos Lacal y Alberto Tomassini-. Adem\u00e1s, hubo otros allegados.<\/p>\n","protected":false},"excerpt":{"rendered":"<p>Tras una reuni\u00f3n realizada d\u00edas atr\u00e1s en las instalaciones del Club Ferro, las Ligas de Olavarr\u00eda, Laprida y Bol\u00edvar est\u00e1n<\/p>\n","protected":false},"author":96739694,"featured_media":146427,"comment_status":"closed","ping_status":"closed","sticky":false,"template":"","format":"standard","meta":{"_jetpack_memberships_contains_paid_content":false,"footnotes":""},"categories":[35,1,41],"tags":[],"class_list":["post-141116","post","type-post","status-publish","format-standard","has-post-thumbnail","hentry","category-futbol","category-portada","category-primera-y-reserva"],"jetpack_featured_media_url":"https:\/\/i0.wp.com\/cdnoticias.com\/wp-content\/uploads\/2022\/01\/272005111_10228855438237382_5185423761939122586_n.jpg?fit=1024%2C576&ssl=1","jetpack_sharing_enabled":true,"_links":{"self":[{"href":"https:\/\/cdnoticias.com\/index.php\/wp-json\/wp\/v2\/posts\/141116","targetHints":{"allow":["GET"]}}],"collection":[{"href":"https:\/\/cdnoticias.com\/index.php\/wp-json\/wp\/v2\/posts"}],"about":[{"href":"https:\/\/cdnoticias.com\/index.php\/wp-json\/wp\/v2\/types\/post"}],"author":[{"embeddable":true,"href":"https:\/\/cdnoticias.com\/index.php\/wp-json\/wp\/v2\/users\/96739694"}],"replies":[{"embeddable":true,"href":"https:\/\/cdnoticias.com\/index.php\/wp-json\/wp\/v2\/comments?post=141116"}],"version-history":[{"count":0,"href":"https:\/\/cdnoticias.com\/index.php\/wp-json\/wp\/v2\/posts\/141116\/revisions"}],"wp:featuredmedia":[{"embeddable":true,"href":"https:\/\/cdnoticias.com\/index.php\/wp-json\/wp\/v2\/media\/146427"}],"wp:attachment":[{"href":"https:\/\/cdnoticias.com\/index.php\/wp-json\/wp\/v2\/media?parent=141116"}],"wp:term":[{"taxonomy":"category","embeddable":true,"href":"https:\/\/cdnoticias.com\/index.php\/wp-json\/wp\/v2\/categories?post=141116"},{"taxonomy":"post_tag","embeddable":true,"href":"https:\/\/cdnoticias.com\/index.php\/wp-json\/wp\/v2\/tags?post=141116"}],"curies":[{"name":"wp","href":"https:\/\/api.w.org\/{rel}","templated":true}]}}