{"id":141106,"date":"2022-01-19T17:08:13","date_gmt":"2022-01-19T20:08:13","guid":{"rendered":"http:\/\/centraldeportes.com.ar\/?p=10653"},"modified":"2025-02-02T02:47:52","modified_gmt":"2025-02-02T05:47:52","slug":"el-circulo-de-atletas-veteranos-de-olavarria-convoca-a-sus-socios","status":"publish","type":"post","link":"https:\/\/cdnoticias.com\/index.php\/2022\/01\/19\/el-circulo-de-atletas-veteranos-de-olavarria-convoca-a-sus-socios\/","title":{"rendered":"El C\u00edrculo de Atletas Veteranos de Olavarr\u00eda convoca a sus socios"},"content":{"rendered":"<p>El C\u00edrculo de Atletas Veteranos de Olavarr\u00eda renovar\u00e1 autoridades por lo que convoca a sus socios a la Asamblea General Anual Ordinaria.<!--more--><\/p>\n<hr \/>\n<p>El pr\u00f3ximo 3 de febrero desde las 20:00 hs., la entidad encargada de regular las actividades pedestres de Olavarr\u00eda realizar\u00e1 las elecciones de autoridades en su sede ubicada en Sargento Cabral 3735.<\/p>\n<p>&nbsp;<\/p>\n<p>Seg\u00fan establece el orden del d\u00eda se realizar\u00e1 la renovaci\u00f3n total de la Comisi\u00f3n Directiva, se leer\u00e1 el balance del a\u00f1o 2021 y se buscar\u00e1 aprobar la memoria y balance del \u00faltimo a\u00f1o por lo que se solicita la presencia de los asociados.<\/p>\n","protected":false},"excerpt":{"rendered":"<p>El C\u00edrculo de Atletas Veteranos de Olavarr\u00eda renovar\u00e1 autoridades por lo que convoca a sus socios a la Asamblea General<\/p>\n","protected":false},"author":96739694,"featured_media":146369,"comment_status":"closed","ping_status":"closed","sticky":false,"template":"","format":"standard","meta":{"_jetpack_memberships_contains_paid_content":false,"footnotes":""},"categories":[38,1],"tags":[],"class_list":["post-141106","post","type-post","status-publish","format-standard","has-post-thumbnail","hentry","category-pedestrismo","category-portada"],"jetpack_featured_media_url":"https:\/\/i0.wp.com\/cdnoticias.com\/wp-content\/uploads\/2022\/01\/31%C2%BA-Vuelta-al-Municipio-13-scaled.jpg?fit=2560%2C1707&ssl=1","jetpack_sharing_enabled":true,"_links":{"self":[{"href":"https:\/\/cdnoticias.com\/index.php\/wp-json\/wp\/v2\/posts\/141106","targetHints":{"allow":["GET"]}}],"collection":[{"href":"https:\/\/cdnoticias.com\/index.php\/wp-json\/wp\/v2\/posts"}],"about":[{"href":"https:\/\/cdnoticias.com\/index.php\/wp-json\/wp\/v2\/types\/post"}],"author":[{"embeddable":true,"href":"https:\/\/cdnoticias.com\/index.php\/wp-json\/wp\/v2\/users\/96739694"}],"replies":[{"embeddable":true,"href":"https:\/\/cdnoticias.com\/index.php\/wp-json\/wp\/v2\/comments?post=141106"}],"version-history":[{"count":0,"href":"https:\/\/cdnoticias.com\/index.php\/wp-json\/wp\/v2\/posts\/141106\/revisions"}],"wp:featuredmedia":[{"embeddable":true,"href":"https:\/\/cdnoticias.com\/index.php\/wp-json\/wp\/v2\/media\/146369"}],"wp:attachment":[{"href":"https:\/\/cdnoticias.com\/index.php\/wp-json\/wp\/v2\/media?parent=141106"}],"wp:term":[{"taxonomy":"category","embeddable":true,"href":"https:\/\/cdnoticias.com\/index.php\/wp-json\/wp\/v2\/categories?post=141106"},{"taxonomy":"post_tag","embeddable":true,"href":"https:\/\/cdnoticias.com\/index.php\/wp-json\/wp\/v2\/tags?post=141106"}],"curies":[{"name":"wp","href":"https:\/\/api.w.org\/{rel}","templated":true}]}}