{"id":141102,"date":"2022-01-18T20:53:55","date_gmt":"2022-01-18T23:53:55","guid":{"rendered":"http:\/\/centraldeportes.com.ar\/?p=10632"},"modified":"2025-02-02T02:48:35","modified_gmt":"2025-02-02T05:48:35","slug":"se-jugo-en-olavarria-el-regional-de-verano","status":"publish","type":"post","link":"https:\/\/cdnoticias.com\/index.php\/2022\/01\/18\/se-jugo-en-olavarria-el-regional-de-verano\/","title":{"rendered":"Se jug\u00f3 en Olavarr\u00eda el Regional de Verano"},"content":{"rendered":"<p>El pasado fin de semana se jug\u00f3 el Regional de Verano \u201cCopa Ciudad de Olavarr\u00eda\u201d para las categor\u00edas Pares organizado por la Agrupaci\u00f3n de P\u00e1del Olavarriense.<\/p>\n<p><!--more--><\/p>\n<hr \/>\n<p>En lo que respecta a resultados, los campeones de la categor\u00eda principal fueron Teo Gamondi e Ignacio Lascioli tras superar a Marcos Silverii y Sebasti\u00e1n Gonz\u00e1lez por 7\/5 y 6\/3.<\/p>\n<p>&nbsp;<\/p>\n<p>Los campeones de S\u00e9ptima Caballeros fueron Juan Larraz\u00e1bal y Lucas Lizazu. Superaron previamente al binomio de Sandra Ant\u00fanez y Carina Mart\u00ednez por 6\/5 y 6\/2.<\/p>\n<p>&nbsp;<\/p>\n<p>En Cuarta Junior, los mejores fueron Gabriel Espil y Marcos Torres. Los ganadores superaron a la pareja conformada por Jos\u00e9 G\u00f3mez y Luis Falasco por 6\/7, 7\/6 y 6\/1.<\/p>\n<p>&nbsp;<\/p>\n<p><img data-recalc-dims=\"1\" loading=\"lazy\" decoding=\"async\" class=\"size-full wp-image-10636 aligncenter\" src=\"https:\/\/i0.wp.com\/centraldeportes.com.ar\/wp-content\/uploads\/2022\/01\/damas.png?resize=800%2C445\" alt=\"\" width=\"800\" height=\"445\" \/><\/p>\n<p>&nbsp;<\/p>\n<p>Por Tercera Caballeros campeonaron Nicol\u00e1s Iturregui y Javier L\u00f3pez tras vencer a Bernardo Rao e Indalecio Dura\u00f1ona por 7\/6 y 6\/2.<\/p>\n<p>&nbsp;<\/p>\n<p>En Sexta Damas las campeonas fueron Natalia Esnal y Roci\u00f3 \u00c1lvarez. Las campeonas superaron a Rosario Su\u00e1rez y Martina Caballero por 6\/1 y 6\/0.<\/p>\n<p>&nbsp;<\/p>\n<p>Por el lado de Quinta Libres, Yamil Nieves y Belisario Dura\u00f1ona se impusieron por 6\/3 y 6\/4 ante el binomio de Luciano Sosa y Mario Rodr\u00edguez.<\/p>\n<p>&nbsp;<\/p>\n<p>Los campeones en Sexta Caballeros fueron Diego Bosso y Sebasti\u00e1n Cartaman tras superar en sets corridos a Iv\u00e1n Ziskevich y Agust\u00edn Urrutia por 6\/2 y 7\/5.<\/p>\n","protected":false},"excerpt":{"rendered":"<p>El pasado fin de semana se jug\u00f3 el Regional de Verano \u201cCopa Ciudad de Olavarr\u00eda\u201d para las categor\u00edas Pares organizado<\/p>\n","protected":false},"author":96739694,"featured_media":146385,"comment_status":"closed","ping_status":"closed","sticky":false,"template":"","format":"standard","meta":{"_jetpack_memberships_contains_paid_content":false,"footnotes":""},"categories":[30,1],"tags":[],"class_list":["post-141102","post","type-post","status-publish","format-standard","has-post-thumbnail","hentry","category-polideportivo","category-portada"],"jetpack_featured_media_url":"https:\/\/i0.wp.com\/cdnoticias.com\/wp-content\/uploads\/2022\/01\/libres-caballeros-apo.png?fit=800%2C445&ssl=1","jetpack_sharing_enabled":true,"_links":{"self":[{"href":"https:\/\/cdnoticias.com\/index.php\/wp-json\/wp\/v2\/posts\/141102","targetHints":{"allow":["GET"]}}],"collection":[{"href":"https:\/\/cdnoticias.com\/index.php\/wp-json\/wp\/v2\/posts"}],"about":[{"href":"https:\/\/cdnoticias.com\/index.php\/wp-json\/wp\/v2\/types\/post"}],"author":[{"embeddable":true,"href":"https:\/\/cdnoticias.com\/index.php\/wp-json\/wp\/v2\/users\/96739694"}],"replies":[{"embeddable":true,"href":"https:\/\/cdnoticias.com\/index.php\/wp-json\/wp\/v2\/comments?post=141102"}],"version-history":[{"count":0,"href":"https:\/\/cdnoticias.com\/index.php\/wp-json\/wp\/v2\/posts\/141102\/revisions"}],"wp:featuredmedia":[{"embeddable":true,"href":"https:\/\/cdnoticias.com\/index.php\/wp-json\/wp\/v2\/media\/146385"}],"wp:attachment":[{"href":"https:\/\/cdnoticias.com\/index.php\/wp-json\/wp\/v2\/media?parent=141102"}],"wp:term":[{"taxonomy":"category","embeddable":true,"href":"https:\/\/cdnoticias.com\/index.php\/wp-json\/wp\/v2\/categories?post=141102"},{"taxonomy":"post_tag","embeddable":true,"href":"https:\/\/cdnoticias.com\/index.php\/wp-json\/wp\/v2\/tags?post=141102"}],"curies":[{"name":"wp","href":"https:\/\/api.w.org\/{rel}","templated":true}]}}