{"id":141096,"date":"2022-01-18T14:56:04","date_gmt":"2022-01-18T17:56:04","guid":{"rendered":"http:\/\/centraldeportes.com.ar\/?p=10616"},"modified":"2025-02-02T02:45:15","modified_gmt":"2025-02-02T05:45:15","slug":"la-lluvia-no-impidio-el-inicio-del-torneo-de-beach-voley-chaira","status":"publish","type":"post","link":"https:\/\/cdnoticias.com\/index.php\/2022\/01\/18\/la-lluvia-no-impidio-el-inicio-del-torneo-de-beach-voley-chaira\/","title":{"rendered":"La lluvia no impidi\u00f3 el inicio del Torneo de Beach V\u00f3ley \u201cChaira\u201d"},"content":{"rendered":"<p>Las malas condiciones clim\u00e1ticas no fueron impedimento para el comienzo de una nueva edici\u00f3n del tradicional Torneo de Beach V\u00f3ley de Racing.<!--more--><\/p>\n<hr \/>\n<p>En la tarde de este lunes comenz\u00f3 la competencia que a pesar de la lluvia complet\u00f3 su programa.<\/p>\n<p>&nbsp;<\/p>\n<p>[soliloquy id=&#8221;10604&#8243;]<\/p>\n<p>&nbsp;<\/p>\n<p>La categor\u00eda que marc\u00f3 el inicio de la competencia fue la Mixta y los resultados fueron:<\/p>\n<p>&nbsp;<\/p>\n<p>Lomascolo y D\u00edaz 21 \u2013 6\u00a0 Duarte y Masson<\/p>\n<p>Masson y Sal\u00edas 21 \u2013 6\u00a0 Morley y Viola<\/p>\n<p>Silvestro y Barboza 21 \u2013 17 Bustamante y Azatto<\/p>\n<p>Aranda-Conte 21 \u2013 11 Bahl y Uriarte<\/p>\n<p>Miccio y Ceceri 13 \u2013 21 Lomascolo y D\u00edaz<\/p>\n<p>Masson y Sal\u00edas 21 \u2013 16 Curra y Rodr\u00edguez<\/p>\n<p>Bahl y Uriarte 21 \u2013 0 Kees y Ricaud<\/p>\n<p>Morley y Viola 7 \u2013 21\u00a0 Curra-Rodr\u00edguez<\/p>\n","protected":false},"excerpt":{"rendered":"<p>Las malas condiciones clim\u00e1ticas no fueron impedimento para el comienzo de una nueva edici\u00f3n del tradicional Torneo de Beach V\u00f3ley<\/p>\n","protected":false},"author":96739694,"featured_media":0,"comment_status":"closed","ping_status":"closed","sticky":false,"template":"","format":"standard","meta":{"_jetpack_memberships_contains_paid_content":false,"footnotes":""},"categories":[30,1],"tags":[],"class_list":["post-141096","post","type-post","status-publish","format-standard","hentry","category-polideportivo","category-portada"],"jetpack_featured_media_url":"","jetpack_sharing_enabled":true,"_links":{"self":[{"href":"https:\/\/cdnoticias.com\/index.php\/wp-json\/wp\/v2\/posts\/141096","targetHints":{"allow":["GET"]}}],"collection":[{"href":"https:\/\/cdnoticias.com\/index.php\/wp-json\/wp\/v2\/posts"}],"about":[{"href":"https:\/\/cdnoticias.com\/index.php\/wp-json\/wp\/v2\/types\/post"}],"author":[{"embeddable":true,"href":"https:\/\/cdnoticias.com\/index.php\/wp-json\/wp\/v2\/users\/96739694"}],"replies":[{"embeddable":true,"href":"https:\/\/cdnoticias.com\/index.php\/wp-json\/wp\/v2\/comments?post=141096"}],"version-history":[{"count":0,"href":"https:\/\/cdnoticias.com\/index.php\/wp-json\/wp\/v2\/posts\/141096\/revisions"}],"wp:attachment":[{"href":"https:\/\/cdnoticias.com\/index.php\/wp-json\/wp\/v2\/media?parent=141096"}],"wp:term":[{"taxonomy":"category","embeddable":true,"href":"https:\/\/cdnoticias.com\/index.php\/wp-json\/wp\/v2\/categories?post=141096"},{"taxonomy":"post_tag","embeddable":true,"href":"https:\/\/cdnoticias.com\/index.php\/wp-json\/wp\/v2\/tags?post=141096"}],"curies":[{"name":"wp","href":"https:\/\/api.w.org\/{rel}","templated":true}]}}