{"id":141088,"date":"2022-01-16T20:13:21","date_gmt":"2022-01-16T23:13:21","guid":{"rendered":"http:\/\/centraldeportes.com.ar\/?p=10554"},"modified":"2025-02-02T02:46:11","modified_gmt":"2025-02-02T05:46:11","slug":"horario-y-equipos-de-trabajos-para-el-futbol-menor-carbonero","status":"publish","type":"post","link":"https:\/\/cdnoticias.com\/index.php\/2022\/01\/16\/horario-y-equipos-de-trabajos-para-el-futbol-menor-carbonero\/","title":{"rendered":"Horario y equipos de trabajos para el f\u00fatbol menor \u201cCarbonero\u201d"},"content":{"rendered":"<p>Ferro dio a conocer su staff de trabajo y los horarios de las pretemporadas para las categor\u00edas formativas del f\u00fatbol que iniciar\u00e1n en el pr\u00f3ximo mes de febrero con el Torneo Preparaci\u00f3n organizado por la Liga de F\u00fatbol de Olavarr\u00eda.<\/p>\n<p><!--more--><\/p>\n<hr \/>\n<p>El \u201cCarbonero\u201d que confirm\u00f3 a Enzo Su\u00e1rez como coordinador, anunci\u00f3 sus horarios de verano:<\/p>\n<p>&nbsp;<\/p>\n<p>5ta (2004\/05) 6ta (2006)<br \/>\nDT: Istillarte Rub\u00e9n<br \/>\nPF: Quintana Martin<br \/>\nHorarios de verano: lunes, mi\u00e9rcoles y jueves de 9 a 11:30<\/p>\n<p>&nbsp;<\/p>\n<p>7ma (2007) 8va (2008)<br \/>\nDT: Su\u00e1rez Enzo<br \/>\nDT: Buongiorno Math\u00edas<br \/>\nPF: V\u00e1zquez Mario<br \/>\nHorarios de verano: lunes, mi\u00e9rcoles y jueves de 10 a 11:30<\/p>\n<p>&nbsp;<\/p>\n<p>9na (2009) 10ma (2010)<br \/>\nDT: Cisneros Andr\u00e9s<br \/>\nAC: Aresi Atilio<br \/>\nPF: V\u00e1zquez Mario<br \/>\nHorarios de verano: lunes, mi\u00e9rcoles y jueves de 19 a 20:30<\/p>\n<p>&nbsp;<\/p>\n<p>Entrenador de arqueros: P\u00e9rez Santiago<br \/>\nUtilero: Rodr\u00edguez Tito<\/p>\n","protected":false},"excerpt":{"rendered":"<p>Ferro dio a conocer su staff de trabajo y los horarios de las pretemporadas para las categor\u00edas formativas del f\u00fatbol<\/p>\n","protected":false},"author":96739694,"featured_media":0,"comment_status":"closed","ping_status":"closed","sticky":false,"template":"","format":"standard","meta":{"_jetpack_memberships_contains_paid_content":false,"footnotes":""},"categories":[35,40,1],"tags":[],"class_list":["post-141088","post","type-post","status-publish","format-standard","hentry","category-futbol","category-inferiores","category-portada"],"jetpack_featured_media_url":"","jetpack_sharing_enabled":true,"_links":{"self":[{"href":"https:\/\/cdnoticias.com\/index.php\/wp-json\/wp\/v2\/posts\/141088","targetHints":{"allow":["GET"]}}],"collection":[{"href":"https:\/\/cdnoticias.com\/index.php\/wp-json\/wp\/v2\/posts"}],"about":[{"href":"https:\/\/cdnoticias.com\/index.php\/wp-json\/wp\/v2\/types\/post"}],"author":[{"embeddable":true,"href":"https:\/\/cdnoticias.com\/index.php\/wp-json\/wp\/v2\/users\/96739694"}],"replies":[{"embeddable":true,"href":"https:\/\/cdnoticias.com\/index.php\/wp-json\/wp\/v2\/comments?post=141088"}],"version-history":[{"count":0,"href":"https:\/\/cdnoticias.com\/index.php\/wp-json\/wp\/v2\/posts\/141088\/revisions"}],"wp:attachment":[{"href":"https:\/\/cdnoticias.com\/index.php\/wp-json\/wp\/v2\/media?parent=141088"}],"wp:term":[{"taxonomy":"category","embeddable":true,"href":"https:\/\/cdnoticias.com\/index.php\/wp-json\/wp\/v2\/categories?post=141088"},{"taxonomy":"post_tag","embeddable":true,"href":"https:\/\/cdnoticias.com\/index.php\/wp-json\/wp\/v2\/tags?post=141088"}],"curies":[{"name":"wp","href":"https:\/\/api.w.org\/{rel}","templated":true}]}}